{"id":307141,"date":"2024-08-22T12:08:58","date_gmt":"2024-08-22T09:08:58","guid":{"rendered":"https:\/\/sana.sy\/tr\/?p=307141"},"modified":"2024-08-22T12:18:09","modified_gmt":"2024-08-22T09:18:09","slug":"sana-muhabiri-halk-meclisi-uyelerinin-anayasa-yemini-etme-sureci-sona-erdi","status":"publish","type":"post","link":"https:\/\/archive.sana.sy\/tr\/?p=307141","title":{"rendered":"SANA muhabiri: Halk Meclisi, Halk Meclisi Ba\u015fkan\u0131n\u0131 se\u00e7me s\u00fcrecini ba\u015flat\u0131yor"},"content":{"rendered":"<p>SANA muhabiri: Halk Meclisi, Halk Meclisi Ba\u015fkan\u0131n\u0131 se\u00e7me s\u00fcrecini ba\u015flat\u0131yor<\/p>\n","protected":false},"excerpt":{"rendered":"<p>SANA muhabiri: Halk Meclisi, Halk Meclisi Ba\u015fkan\u0131n\u0131 se\u00e7me s\u00fcrecini ba\u015flat\u0131yor<\/p>\n","protected":false},"author":36,"featured_media":0,"comment_status":"closed","ping_status":"closed","sticky":false,"template":"","format":"standard","meta":{"footnotes":""},"categories":[1],"tags":[],"class_list":["post-307141","post","type-post","status-publish","format-standard","","category-news-not-sorted"],"_links":{"self":[{"href":"https:\/\/archive.sana.sy\/tr\/index.php?rest_route=\/wp\/v2\/posts\/307141","targetHints":{"allow":["GET"]}}],"collection":[{"href":"https:\/\/archive.sana.sy\/tr\/index.php?rest_route=\/wp\/v2\/posts"}],"about":[{"href":"https:\/\/archive.sana.sy\/tr\/index.php?rest_route=\/wp\/v2\/types\/post"}],"author":[{"embeddable":true,"href":"https:\/\/archive.sana.sy\/tr\/index.php?rest_route=\/wp\/v2\/users\/36"}],"replies":[{"embeddable":true,"href":"https:\/\/archive.sana.sy\/tr\/index.php?rest_route=%2Fwp%2Fv2%2Fcomments&post=307141"}],"version-history":[{"count":3,"href":"https:\/\/archive.sana.sy\/tr\/index.php?rest_route=\/wp\/v2\/posts\/307141\/revisions"}],"predecessor-version":[{"id":307145,"href":"https:\/\/archive.sana.sy\/tr\/index.php?rest_route=\/wp\/v2\/posts\/307141\/revisions\/307145"}],"wp:attachment":[{"href":"https:\/\/archive.sana.sy\/tr\/index.php?rest_route=%2Fwp%2Fv2%2Fmedia&parent=307141"}],"wp:term":[{"taxonomy":"category","embeddable":true,"href":"https:\/\/archive.sana.sy\/tr\/index.php?rest_route=%2Fwp%2Fv2%2Fcategories&post=307141"},{"taxonomy":"post_tag","embeddable":true,"href":"https:\/\/archive.sana.sy\/tr\/index.php?rest_route=%2Fwp%2Fv2%2Ftags&post=307141"}],"curies":[{"name":"wp","href":"https:\/\/api.w.org\/{rel}","templated":true}]}}