{"id":307155,"date":"2024-08-22T17:21:35","date_gmt":"2024-08-22T14:21:35","guid":{"rendered":"https:\/\/sana.sy\/tr\/?p=307155"},"modified":"2024-08-27T11:46:30","modified_gmt":"2024-08-27T08:46:30","slug":"sosyal-isler-ve-calisma-bakanligi-engelli-kisilerin-desteklenmesi-alaninda-finlandiya-yardim-orgutu-ile-isbirligini-guclendirmeyi-gorustu","status":"publish","type":"post","link":"https:\/\/archive.sana.sy\/tr\/?p=307155","title":{"rendered":"Sosyal \u0130\u015fler ve \u00c7al\u0131\u015fma Bakanl\u0131\u011f\u0131, Engelli Ki\u015filerin Desteklenmesi Alan\u0131nda Finlandiya YARDIM \u00d6rg\u00fct\u00fc \u0130le \u0130\u015fbirli\u011fini G\u00fc\u00e7lendirmeyi G\u00f6r\u00fc\u015ft\u00fc"},"content":{"rendered":"<p style=\"text-align: justify;\"><strong>\u015eAM (SANA)<\/strong> &#8211; Sosyal \u0130\u015fler ve \u00c7al\u0131\u015fma Bakan\u0131 Luey M\u00fcncid, Finlandiya Yard\u0131m \u00d6rg\u00fct\u00fc Direkt\u00f6r\u00fc Mazin Mahzum ile iki taraf aras\u0131ndaki ortak i\u015fbirli\u011fi ili\u015fkilerini ve bunlar\u0131 bir\u00e7ok ortak alanda geli\u015ftirmenin yollar\u0131n\u0131 g\u00f6r\u00fc\u015ft\u00fc.<\/p>\n<p style=\"text-align: justify;\">Bakan Muncid, sosyal koruma, i\u015fg\u00fcc\u00fc piyasas\u0131 ile ilgili bir\u00e7ok alanda \u00f6rg\u00fctle i\u015fbirli\u011fi yap\u0131lmas\u0131n\u0131n ve engelli ki\u015filerin rehabilite edilmesi ve e\u011fitilmesi i\u00e7in \u00f6zel programlar geli\u015ftirilmesinin \u00f6nemine dikkat \u00e7ekerken, somut bir etki elde etmek i\u00e7in yerel sivil toplum kurulu\u015flar\u0131yla sahadaki \u00e7al\u0131\u015fmalar\u0131n\u0131 desteklemek amac\u0131yla ortakl\u0131klar kurman\u0131n gereklili\u011fini vurgulad\u0131.<\/p>\n<p style=\"text-align: justify;\">Mahzum ise \u00f6rg\u00fct\u00fcn bakanl\u0131kla t\u00fcm alanlar\u0131 kapsayan bir i\u015fbirli\u011fi anla\u015fmas\u0131 imzalamak, engelli bireylere odaklanmak ve onlar\u0131n i\u015fg\u00fcc\u00fc piyasas\u0131na girmelerini sa\u011flayacak \u00f6zel programlar haz\u0131rlamak istediklerini belirtti.<\/p>\n<p style=\"text-align: center;\"><strong><a href=\"https:\/\/t.me\/SuriyeArapHaberAjansI\">Telegram Kanal\u0131m\u0131z\u00a0<\/a>||<a href=\"https:\/\/twitter.com\/arap_ajans\">X Platformumuz\u00a0<\/a>||<a href=\"https:\/\/www.facebook.com\/SANAHaberAjansi\/\">Facebook Sayfam\u0131z<\/a><\/strong><\/p>\n","protected":false},"excerpt":{"rendered":"<p>\u015eAM (SANA) &#8211; Sosyal \u0130\u015fler ve \u00c7al\u0131\u015fma Bakan\u0131 Luey M\u00fcncid, Finlandiya Yard\u0131m \u00d6rg\u00fct\u00fc Direkt\u00f6r\u00fc Mazin Mahzum ile iki taraf aras\u0131ndaki ortak i\u015fbirli\u011fi ili\u015fkilerini ve bunlar\u0131 bir\u00e7ok ortak alanda geli\u015ftirmenin yollar\u0131n\u0131 g\u00f6r\u00fc\u015ft\u00fc. Bakan Muncid, sosyal koruma, i\u015fg\u00fcc\u00fc piyasas\u0131 ile ilgili bir\u00e7ok alanda \u00f6rg\u00fctle i\u015fbirli\u011fi yap\u0131lmas\u0131n\u0131n ve engelli ki\u015filerin rehabilite edilmesi ve e\u011fitilmesi i\u00e7in \u00f6zel programlar geli\u015ftirilmesinin &hellip;<\/p>\n","protected":false},"author":41,"featured_media":307156,"comment_status":"closed","ping_status":"closed","sticky":false,"template":"","format":"standard","meta":{"footnotes":""},"categories":[479,17988,478],"tags":[38641],"class_list":["post-307155","post","type-post","status-publish","format-standard","has-post-thumbnail","","category-haberler-yerel","category-son-haberler","category-yerel","tag-suriyede-son-gelimeler"],"_links":{"self":[{"href":"https:\/\/archive.sana.sy\/tr\/index.php?rest_route=\/wp\/v2\/posts\/307155","targetHints":{"allow":["GET"]}}],"collection":[{"href":"https:\/\/archive.sana.sy\/tr\/index.php?rest_route=\/wp\/v2\/posts"}],"about":[{"href":"https:\/\/archive.sana.sy\/tr\/index.php?rest_route=\/wp\/v2\/types\/post"}],"author":[{"embeddable":true,"href":"https:\/\/archive.sana.sy\/tr\/index.php?rest_route=\/wp\/v2\/users\/41"}],"replies":[{"embeddable":true,"href":"https:\/\/archive.sana.sy\/tr\/index.php?rest_route=%2Fwp%2Fv2%2Fcomments&post=307155"}],"version-history":[{"count":2,"href":"https:\/\/archive.sana.sy\/tr\/index.php?rest_route=\/wp\/v2\/posts\/307155\/revisions"}],"predecessor-version":[{"id":307186,"href":"https:\/\/archive.sana.sy\/tr\/index.php?rest_route=\/wp\/v2\/posts\/307155\/revisions\/307186"}],"wp:featuredmedia":[{"embeddable":true,"href":"https:\/\/archive.sana.sy\/tr\/index.php?rest_route=\/wp\/v2\/media\/307156"}],"wp:attachment":[{"href":"https:\/\/archive.sana.sy\/tr\/index.php?rest_route=%2Fwp%2Fv2%2Fmedia&parent=307155"}],"wp:term":[{"taxonomy":"category","embeddable":true,"href":"https:\/\/archive.sana.sy\/tr\/index.php?rest_route=%2Fwp%2Fv2%2Fcategories&post=307155"},{"taxonomy":"post_tag","embeddable":true,"href":"https:\/\/archive.sana.sy\/tr\/index.php?rest_route=%2Fwp%2Fv2%2Ftags&post=307155"}],"curies":[{"name":"wp","href":"https:\/\/api.w.org\/{rel}","templated":true}]}}