{"id":307158,"date":"2024-08-22T10:23:53","date_gmt":"2024-08-22T07:23:53","guid":{"rendered":"https:\/\/sana.sy\/tr\/?p=307158"},"modified":"2024-08-23T09:00:10","modified_gmt":"2024-08-23T06:00:10","slug":"lubnan-direnisi-siha-ile-kiryat-smona-yerlesimindeki-israil-dusman-mevzilerine-saldirdi","status":"publish","type":"post","link":"https:\/\/archive.sana.sy\/tr\/?p=307158","title":{"rendered":"L\u00fcbnan Direni\u015fi, S\u0130HA \u0130le Kiryat \u015emona Yerle\u015fimindeki \u0130srail D\u00fc\u015fman Mevzilerine Sald\u0131rd\u0131"},"content":{"rendered":"<p style=\"text-align: justify;\"><strong>BEYRUT (SANA) \u2013<\/strong>\u00a0 Bug\u00fcn L\u00fcbnan direni\u015fi, i\u015fgal edilen Filistin&#8217;in kuzeyindeki Kiryat \u015emona yerle\u015fimindeki \u0130srail d\u00fc\u015fman askerlerinin mevzilerine y\u00f6nelik sald\u0131r\u0131 \u0130HA&#8217;lar ile sald\u0131r\u0131 ger\u00e7ekle\u015ftirdi.<\/p>\n<p style=\"text-align: justify;\">Direni\u015f yapt\u0131\u011f\u0131 a\u00e7\u0131klamada \u015funlar\u0131 s\u00f6yledi: &#8220;Gazze \u015eeridi&#8217;ndeki kararl\u0131 Filistin halk\u0131m\u0131za, onlar\u0131n cesur ve onurlu direni\u015fine destek olarak ve d\u00fc\u015fman \u0130srail\u2019in g\u00fcneydeki kararl\u0131 k\u00f6ylere ve g\u00fcvenli evlere y\u00f6nelik sald\u0131r\u0131lar\u0131na yan\u0131t olarak, bug\u00fcn direni\u015f\u00e7iler, Kiryat \u015emona yerle\u015fimindeki \u0130srail d\u00fc\u015fman askerlerinin mevzilerine y\u00f6nelik sald\u0131r\u0131 y\u00fcr\u00fcy\u00fc\u015f\u00fc yaparak hedeflerini isabetli bir \u015fekilde vurdu.\u201d<\/p>\n<p style=\"text-align: justify;\">Direni\u015f ayr\u0131ca, hedefini do\u011frudan vuran taarruz helikopteri ile Cel el Alam sahas\u0131ndaki d\u00fc\u015fman\u0131n casus te\u00e7hizat\u0131n\u0131 da hedef ald\u0131 ve uygun silahlarla Metulla sahas\u0131 yak\u0131n\u0131ndaki askerlerinin mevzilerini hedef ald\u0131.<\/p>\n<p style=\"text-align: center;\"><strong><a href=\"https:\/\/t.me\/SuriyeArapHaberAjansI\">Telegram Kanal\u0131m\u0131z\u00a0<\/a>||<a href=\"https:\/\/twitter.com\/arap_ajans\">X Platformumuz\u00a0<\/a>||<a href=\"https:\/\/www.facebook.com\/SANAHaberAjansi\/\">Facebook Sayfam\u0131z<\/a><\/strong><\/p>\n","protected":false},"excerpt":{"rendered":"<p>BEYRUT (SANA) \u2013\u00a0 Bug\u00fcn L\u00fcbnan direni\u015fi, i\u015fgal edilen Filistin&#8217;in kuzeyindeki Kiryat \u015emona yerle\u015fimindeki \u0130srail d\u00fc\u015fman askerlerinin mevzilerine y\u00f6nelik sald\u0131r\u0131 \u0130HA&#8217;lar ile sald\u0131r\u0131 ger\u00e7ekle\u015ftirdi. Direni\u015f yapt\u0131\u011f\u0131 a\u00e7\u0131klamada \u015funlar\u0131 s\u00f6yledi: &#8220;Gazze \u015eeridi&#8217;ndeki kararl\u0131 Filistin halk\u0131m\u0131za, onlar\u0131n cesur ve onurlu direni\u015fine destek olarak ve d\u00fc\u015fman \u0130srail\u2019in g\u00fcneydeki kararl\u0131 k\u00f6ylere ve g\u00fcvenli evlere y\u00f6nelik sald\u0131r\u0131lar\u0131na yan\u0131t olarak, bug\u00fcn direni\u015f\u00e7iler, &hellip;<\/p>\n","protected":false},"author":41,"featured_media":307159,"comment_status":"closed","ping_status":"closed","sticky":false,"template":"","format":"standard","meta":{"footnotes":""},"categories":[458,459,17988],"tags":[31415,42212,42124,42211],"class_list":["post-307158","post","type-post","status-publish","format-standard","has-post-thumbnail","","category-dunya1","category-haberler-arap-uluslararasi-politika","category-son-haberler","tag-lubnan-direnisi","tag-lubnan-ile-israil-arasindaki-gerginlik","tag-lubnanda-son-durum","tag-siha-ile-kiryat-smona-yerlesimindeki-israil-dusman-mevzilerine-saldirdi"],"_links":{"self":[{"href":"https:\/\/archive.sana.sy\/tr\/index.php?rest_route=\/wp\/v2\/posts\/307158","targetHints":{"allow":["GET"]}}],"collection":[{"href":"https:\/\/archive.sana.sy\/tr\/index.php?rest_route=\/wp\/v2\/posts"}],"about":[{"href":"https:\/\/archive.sana.sy\/tr\/index.php?rest_route=\/wp\/v2\/types\/post"}],"author":[{"embeddable":true,"href":"https:\/\/archive.sana.sy\/tr\/index.php?rest_route=\/wp\/v2\/users\/41"}],"replies":[{"embeddable":true,"href":"https:\/\/archive.sana.sy\/tr\/index.php?rest_route=%2Fwp%2Fv2%2Fcomments&post=307158"}],"version-history":[{"count":1,"href":"https:\/\/archive.sana.sy\/tr\/index.php?rest_route=\/wp\/v2\/posts\/307158\/revisions"}],"predecessor-version":[{"id":307160,"href":"https:\/\/archive.sana.sy\/tr\/index.php?rest_route=\/wp\/v2\/posts\/307158\/revisions\/307160"}],"wp:featuredmedia":[{"embeddable":true,"href":"https:\/\/archive.sana.sy\/tr\/index.php?rest_route=\/wp\/v2\/media\/307159"}],"wp:attachment":[{"href":"https:\/\/archive.sana.sy\/tr\/index.php?rest_route=%2Fwp%2Fv2%2Fmedia&parent=307158"}],"wp:term":[{"taxonomy":"category","embeddable":true,"href":"https:\/\/archive.sana.sy\/tr\/index.php?rest_route=%2Fwp%2Fv2%2Fcategories&post=307158"},{"taxonomy":"post_tag","embeddable":true,"href":"https:\/\/archive.sana.sy\/tr\/index.php?rest_route=%2Fwp%2Fv2%2Ftags&post=307158"}],"curies":[{"name":"wp","href":"https:\/\/api.w.org\/{rel}","templated":true}]}}