{"id":30716,"date":"2015-04-23T16:00:12","date_gmt":"2015-04-23T13:00:12","guid":{"rendered":"http:\/\/www.sana.sy\/tr\/?p=30716"},"modified":"2015-04-24T18:07:59","modified_gmt":"2015-04-24T15:07:59","slug":"141-kisi-silahlariyla-teslim-oldu","status":"publish","type":"post","link":"https:\/\/archive.sana.sy\/tr\/?p=30716","title":{"rendered":"141 ki\u015fi Silahlar\u0131yla Teslim Oldu"},"content":{"rendered":"<p>\u0130LLER \u2013 \u015eam ve k\u0131rsal\u0131na ek olarak S\u00fcveyda, Halep, Rakka ve Deyrezzor illerinin muhtelif b\u00f6lgelerinden bug\u00fcn 141 kanun ka\u00e7a\u011f\u0131 silahlar\u0131yla birlikte ilgili kurumlara teslim oldu.<\/p>\n<p>Emniyet M\u00fcd\u00fcrl\u00fc\u011f\u00fcnden yap\u0131lan a\u00e7\u0131klamada ulusal uzla\u015fma \u00e7abalar\u0131 neticesinde yelsim olanlar\u0131n ulusal g\u00fcvenli\u011fi tehdit eden eylemlere kat\u0131lmaktan pi\u015fman olduklar\u0131n\u0131 ve af karar\u0131ndan faydalanma arzusunda olduklar\u0131n\u0131 aktard\u0131.<\/p>\n<p>A.A. &#8211; R.H.<\/p>\n","protected":false},"excerpt":{"rendered":"<p>\u0130LLER \u2013 \u015eam ve k\u0131rsal\u0131na ek olarak S\u00fcveyda, Halep, Rakka ve Deyrezzor illerinin muhtelif b\u00f6lgelerinden bug\u00fcn 141 kanun ka\u00e7a\u011f\u0131 silahlar\u0131yla birlikte ilgili kurumlara teslim oldu. Emniyet M\u00fcd\u00fcrl\u00fc\u011f\u00fcnden yap\u0131lan a\u00e7\u0131klamada ulusal uzla\u015fma \u00e7abalar\u0131 neticesinde yelsim olanlar\u0131n ulusal g\u00fcvenli\u011fi tehdit eden eylemlere kat\u0131lmaktan pi\u015fman olduklar\u0131n\u0131 ve af karar\u0131ndan faydalanma arzusunda olduklar\u0131n\u0131 aktard\u0131. A.A. &#8211; R.H.<\/p>\n","protected":false},"author":1,"featured_media":24252,"comment_status":"closed","ping_status":"closed","sticky":false,"template":"","format":"standard","meta":{"footnotes":""},"categories":[575],"tags":[13973,1132,13974],"class_list":["post-30716","post","type-post","status-publish","format-standard","has-post-thumbnail","","category-olaylar-ve-gercekler","tag-141-kisi-silahlariyla-teslim-oldu-iller-sam-ve-kirsalina-ek-olarak-suveyda","tag-halep","tag-rakka-ve-deyrezzor-illerinin-muhtelif-bolgelerinden-bugun-141-kanun-kacagi-silahlariyla-birlikte-ilgili-kurumlara-teslim-oldu"],"_links":{"self":[{"href":"https:\/\/archive.sana.sy\/tr\/index.php?rest_route=\/wp\/v2\/posts\/30716","targetHints":{"allow":["GET"]}}],"collection":[{"href":"https:\/\/archive.sana.sy\/tr\/index.php?rest_route=\/wp\/v2\/posts"}],"about":[{"href":"https:\/\/archive.sana.sy\/tr\/index.php?rest_route=\/wp\/v2\/types\/post"}],"author":[{"embeddable":true,"href":"https:\/\/archive.sana.sy\/tr\/index.php?rest_route=\/wp\/v2\/users\/1"}],"replies":[{"embeddable":true,"href":"https:\/\/archive.sana.sy\/tr\/index.php?rest_route=%2Fwp%2Fv2%2Fcomments&post=30716"}],"version-history":[{"count":0,"href":"https:\/\/archive.sana.sy\/tr\/index.php?rest_route=\/wp\/v2\/posts\/30716\/revisions"}],"wp:featuredmedia":[{"embeddable":true,"href":"https:\/\/archive.sana.sy\/tr\/index.php?rest_route=\/wp\/v2\/media\/24252"}],"wp:attachment":[{"href":"https:\/\/archive.sana.sy\/tr\/index.php?rest_route=%2Fwp%2Fv2%2Fmedia&parent=30716"}],"wp:term":[{"taxonomy":"category","embeddable":true,"href":"https:\/\/archive.sana.sy\/tr\/index.php?rest_route=%2Fwp%2Fv2%2Fcategories&post=30716"},{"taxonomy":"post_tag","embeddable":true,"href":"https:\/\/archive.sana.sy\/tr\/index.php?rest_route=%2Fwp%2Fv2%2Ftags&post=30716"}],"curies":[{"name":"wp","href":"https:\/\/api.w.org\/{rel}","templated":true}]}}