{"id":307164,"date":"2024-08-22T17:44:04","date_gmt":"2024-08-22T14:44:04","guid":{"rendered":"https:\/\/sana.sy\/tr\/?p=307164"},"modified":"2024-08-27T11:46:43","modified_gmt":"2024-08-27T08:46:43","slug":"israilin-gazze-saldirganliginda-sehit-sayisi-40-bin-265e-yukseldi","status":"publish","type":"post","link":"https:\/\/archive.sana.sy\/tr\/?p=307164","title":{"rendered":"\u0130srail&#8217;in Gazze Sald\u0131rganl\u0131\u011f\u0131nda \u015eehit Say\u0131s\u0131 40 Bin 265&#8217;e Y\u00fckseldi"},"content":{"rendered":"<p style=\"text-align: justify;\"><strong>\u0130\u015eGAL ED\u0130LEN KUD\u00dcS (SANA) &#8211;<\/strong> Filistin Sa\u011fl\u0131k Bakanl\u0131\u011f\u0131, i\u015fgalci \u0130srail&#8217;in son 24 saat i\u00e7inde Gazze \u015eeridi&#8217;nde 4 katliam ger\u00e7ekle\u015ftirdi\u011fini, bunlar\u0131n kurbanlar\u0131n\u0131n hastanelere ula\u015ft\u0131\u011f\u0131n\u0131 a\u00e7\u0131klad\u0131: 42 \u015fehit, 163 yaral\u0131.<\/p>\n<p style=\"text-align: justify;\">Bakanl\u0131k bug\u00fcn yapt\u0131\u011f\u0131 a\u00e7\u0131klamada \u015funlar\u0131 s\u00f6yledi: \u2018\u2019Gazze \u015eeridi&#8217;nde bug\u00fcn devam eden i\u015fgal sald\u0131rganl\u0131\u011f\u0131n\u0131n kurbanlar\u0131n\u0131n say\u0131s\u0131 321&#8217;e, \u015fehit say\u0131s\u0131 ise 40 bin 265&#8217;e, yaral\u0131 say\u0131s\u0131 ise 93 bin 144&#8217;e y\u00fckseldi. Baz\u0131 ma\u011fdurlar halen moloz alt\u0131nda ve yollardayken, ambulans ve sivil savunma ekipleri onlara ula\u015fam\u0131yor.\u2019\u2019<\/p>\n<p style=\"text-align: justify;\">\u0130\u015fgalin ge\u00e7ti\u011fimiz Ekim ay\u0131n\u0131n 7&#8217;sinden bu yana Gazze \u015eeridi&#8217;ne y\u00f6nelik s\u00fcrd\u00fcrd\u00fc\u011f\u00fc sald\u0131r\u0131lar sonucunda bug\u00fcn \u015fafak vaktinden itibaren onlarca Filistinli \u015fehit oldu ve yaraland\u0131.<\/p>\n<p style=\"text-align: center;\"><strong><a href=\"https:\/\/t.me\/SuriyeArapHaberAjansI\">Telegram Kanal\u0131m\u0131z\u00a0<\/a>||<a href=\"https:\/\/twitter.com\/arap_ajans\">X Platformumuz\u00a0<\/a>||<a href=\"https:\/\/www.facebook.com\/SANAHaberAjansi\/\">Facebook Sayfam\u0131z<\/a><\/strong><\/p>\n","protected":false},"excerpt":{"rendered":"<p>\u0130\u015eGAL ED\u0130LEN KUD\u00dcS (SANA) &#8211; Filistin Sa\u011fl\u0131k Bakanl\u0131\u011f\u0131, i\u015fgalci \u0130srail&#8217;in son 24 saat i\u00e7inde Gazze \u015eeridi&#8217;nde 4 katliam ger\u00e7ekle\u015ftirdi\u011fini, bunlar\u0131n kurbanlar\u0131n\u0131n hastanelere ula\u015ft\u0131\u011f\u0131n\u0131 a\u00e7\u0131klad\u0131: 42 \u015fehit, 163 yaral\u0131. Bakanl\u0131k bug\u00fcn yapt\u0131\u011f\u0131 a\u00e7\u0131klamada \u015funlar\u0131 s\u00f6yledi: \u2018\u2019Gazze \u015eeridi&#8217;nde bug\u00fcn devam eden i\u015fgal sald\u0131rganl\u0131\u011f\u0131n\u0131n kurbanlar\u0131n\u0131n say\u0131s\u0131 321&#8217;e, \u015fehit say\u0131s\u0131 ise 40 bin 265&#8217;e, yaral\u0131 say\u0131s\u0131 ise 93 bin &hellip;<\/p>\n","protected":false},"author":41,"featured_media":307165,"comment_status":"closed","ping_status":"closed","sticky":false,"template":"","format":"standard","meta":{"footnotes":""},"categories":[458,459,17988],"tags":[41585],"class_list":["post-307164","post","type-post","status-publish","format-standard","has-post-thumbnail","","category-dunya1","category-haberler-arap-uluslararasi-politika","category-son-haberler","tag-gazze-seridindeki-son-gelimeler"],"_links":{"self":[{"href":"https:\/\/archive.sana.sy\/tr\/index.php?rest_route=\/wp\/v2\/posts\/307164","targetHints":{"allow":["GET"]}}],"collection":[{"href":"https:\/\/archive.sana.sy\/tr\/index.php?rest_route=\/wp\/v2\/posts"}],"about":[{"href":"https:\/\/archive.sana.sy\/tr\/index.php?rest_route=\/wp\/v2\/types\/post"}],"author":[{"embeddable":true,"href":"https:\/\/archive.sana.sy\/tr\/index.php?rest_route=\/wp\/v2\/users\/41"}],"replies":[{"embeddable":true,"href":"https:\/\/archive.sana.sy\/tr\/index.php?rest_route=%2Fwp%2Fv2%2Fcomments&post=307164"}],"version-history":[{"count":3,"href":"https:\/\/archive.sana.sy\/tr\/index.php?rest_route=\/wp\/v2\/posts\/307164\/revisions"}],"predecessor-version":[{"id":307182,"href":"https:\/\/archive.sana.sy\/tr\/index.php?rest_route=\/wp\/v2\/posts\/307164\/revisions\/307182"}],"wp:featuredmedia":[{"embeddable":true,"href":"https:\/\/archive.sana.sy\/tr\/index.php?rest_route=\/wp\/v2\/media\/307165"}],"wp:attachment":[{"href":"https:\/\/archive.sana.sy\/tr\/index.php?rest_route=%2Fwp%2Fv2%2Fmedia&parent=307164"}],"wp:term":[{"taxonomy":"category","embeddable":true,"href":"https:\/\/archive.sana.sy\/tr\/index.php?rest_route=%2Fwp%2Fv2%2Fcategories&post=307164"},{"taxonomy":"post_tag","embeddable":true,"href":"https:\/\/archive.sana.sy\/tr\/index.php?rest_route=%2Fwp%2Fv2%2Ftags&post=307164"}],"curies":[{"name":"wp","href":"https:\/\/api.w.org\/{rel}","templated":true}]}}