{"id":307170,"date":"2024-08-22T11:04:15","date_gmt":"2024-08-22T08:04:15","guid":{"rendered":"https:\/\/sana.sy\/tr\/?p=307170"},"modified":"2024-08-23T09:00:16","modified_gmt":"2024-08-23T06:00:16","slug":"irak-ve-suudi-arabistan-uluslararasi-topluma-israilin-gazzedeki-suclarini-durdurma-konusunda-uzerine-dusen-rolu-oynamaya-cagrida-bulundu","status":"publish","type":"post","link":"https:\/\/archive.sana.sy\/tr\/?p=307170","title":{"rendered":"Irak Ve Suudi Arabistan, Uluslararas\u0131 Topluma \u0130srail\u2019in Gazze&#8217;deki Su\u00e7lar\u0131n\u0131 Durdurma Konusunda \u00dczerine D\u00fc\u015fen Rol\u00fc Oynamaya \u00c7a\u011fr\u0131da Bulundu"},"content":{"rendered":"<p style=\"text-align: justify;\"><strong>BA\u011eDAT (SANA)<\/strong> &#8211; Bug\u00fcn Irak ve Suudi Arabistan, uluslararas\u0131 toplumun Gazze \u015eeridi&#8217;ndeki Filistin halk\u0131na kar\u015f\u0131 10 aydan fazla s\u00fcredir devam eden \u0130srail soyk\u0131r\u0131m\u0131n\u0131n trajedisini durdurmak i\u00e7in \u00fczerine d\u00fc\u015fen rol\u00fc \u00fcstlenmesi gerekti\u011fini vurgulad\u0131.<\/p>\n<p style=\"text-align: justify;\">Irak Haber Ajans\u0131 INA, \u2018\u2019Irak Ba\u015fbakan\u0131 Muhammed \u015eeyya El Sudani ve Suudi D\u0131\u015fi\u015fleri Bakan\u0131 Faysal bin Ferhan\u2019in bug\u00fcn ba\u015fkent Ba\u011fdat&#8217;ta yap\u0131lan g\u00f6r\u00fc\u015fmede, \u0130srail&#8217;in Gazze \u015eeridi&#8217;ne y\u00f6nelik sald\u0131rganl\u0131\u011f\u0131n\u0131 durdurmak i\u00e7in ortak \u00e7al\u0131\u015fman\u0131n s\u00fcrd\u00fcr\u00fclmesi ve Arap ve uluslararas\u0131 \u00e7abalar\u0131n koordine edilmesinin gereklili\u011fini vurguland\u0131klar\u0131n\u0131 aktard\u0131.<\/p>\n<p style=\"text-align: center;\"><strong><a href=\"https:\/\/t.me\/SuriyeArapHaberAjansI\">Telegram Kanal\u0131m\u0131z\u00a0<\/a>||<a href=\"https:\/\/twitter.com\/arap_ajans\">X Platformumuz\u00a0<\/a>||<a href=\"https:\/\/www.facebook.com\/SANAHaberAjansi\/\">Facebook Sayfam\u0131z<\/a><\/strong><\/p>\n","protected":false},"excerpt":{"rendered":"<p>BA\u011eDAT (SANA) &#8211; Bug\u00fcn Irak ve Suudi Arabistan, uluslararas\u0131 toplumun Gazze \u015eeridi&#8217;ndeki Filistin halk\u0131na kar\u015f\u0131 10 aydan fazla s\u00fcredir devam eden \u0130srail soyk\u0131r\u0131m\u0131n\u0131n trajedisini durdurmak i\u00e7in \u00fczerine d\u00fc\u015fen rol\u00fc \u00fcstlenmesi gerekti\u011fini vurgulad\u0131. Irak Haber Ajans\u0131 INA, \u2018\u2019Irak Ba\u015fbakan\u0131 Muhammed \u015eeyya El Sudani ve Suudi D\u0131\u015fi\u015fleri Bakan\u0131 Faysal bin Ferhan\u2019in bug\u00fcn ba\u015fkent Ba\u011fdat&#8217;ta yap\u0131lan g\u00f6r\u00fc\u015fmede, \u0130srail&#8217;in &hellip;<\/p>\n","protected":false},"author":41,"featured_media":307171,"comment_status":"closed","ping_status":"closed","sticky":false,"template":"","format":"standard","meta":{"footnotes":""},"categories":[458,459,17988],"tags":[],"class_list":["post-307170","post","type-post","status-publish","format-standard","has-post-thumbnail","","category-dunya1","category-haberler-arap-uluslararasi-politika","category-son-haberler"],"_links":{"self":[{"href":"https:\/\/archive.sana.sy\/tr\/index.php?rest_route=\/wp\/v2\/posts\/307170","targetHints":{"allow":["GET"]}}],"collection":[{"href":"https:\/\/archive.sana.sy\/tr\/index.php?rest_route=\/wp\/v2\/posts"}],"about":[{"href":"https:\/\/archive.sana.sy\/tr\/index.php?rest_route=\/wp\/v2\/types\/post"}],"author":[{"embeddable":true,"href":"https:\/\/archive.sana.sy\/tr\/index.php?rest_route=\/wp\/v2\/users\/41"}],"replies":[{"embeddable":true,"href":"https:\/\/archive.sana.sy\/tr\/index.php?rest_route=%2Fwp%2Fv2%2Fcomments&post=307170"}],"version-history":[{"count":2,"href":"https:\/\/archive.sana.sy\/tr\/index.php?rest_route=\/wp\/v2\/posts\/307170\/revisions"}],"predecessor-version":[{"id":307173,"href":"https:\/\/archive.sana.sy\/tr\/index.php?rest_route=\/wp\/v2\/posts\/307170\/revisions\/307173"}],"wp:featuredmedia":[{"embeddable":true,"href":"https:\/\/archive.sana.sy\/tr\/index.php?rest_route=\/wp\/v2\/media\/307171"}],"wp:attachment":[{"href":"https:\/\/archive.sana.sy\/tr\/index.php?rest_route=%2Fwp%2Fv2%2Fmedia&parent=307170"}],"wp:term":[{"taxonomy":"category","embeddable":true,"href":"https:\/\/archive.sana.sy\/tr\/index.php?rest_route=%2Fwp%2Fv2%2Fcategories&post=307170"},{"taxonomy":"post_tag","embeddable":true,"href":"https:\/\/archive.sana.sy\/tr\/index.php?rest_route=%2Fwp%2Fv2%2Ftags&post=307170"}],"curies":[{"name":"wp","href":"https:\/\/api.w.org\/{rel}","templated":true}]}}