{"id":307193,"date":"2024-08-23T10:43:00","date_gmt":"2024-08-23T07:43:00","guid":{"rendered":"https:\/\/sana.sy\/tr\/?p=307193"},"modified":"2024-08-27T11:45:30","modified_gmt":"2024-08-27T08:45:30","slug":"aksa-tufani-operasyonu-bugunun-en-one-cikan-gelismeleri-231","status":"publish","type":"post","link":"https:\/\/archive.sana.sy\/tr\/?p=307193","title":{"rendered":"Aksa Tufan\u0131 Operasyonu\u2026 Bug\u00fcn\u00fcn En \u00d6ne \u00c7\u0131kan Geli\u015fmeleri"},"content":{"rendered":"<p><strong>\u0130\u015eGAL ED\u0130LEN KUD\u00dcS (SANA)<\/strong> \u2013\u00a0Filistin direni\u015finin i\u015fgalci \u0130srail\u2019in sald\u0131rganl\u0131\u011f\u0131na yan\u0131t olarak 7 Ekim\u2019de ba\u015flatt\u0131\u011f\u0131 Aksa Tufan\u0131 Operasyonu\u2019nda \u00f6ne \u00e7\u0131kan geli\u015fmeler:<\/p>\n<ul>\n<li>\n<p style=\"text-align: justify;\">\u0130srail d\u00fc\u015fman medyas\u0131, bu sabah Gazze \u015eeridi&#8217;nde Filistin direni\u015finin a\u00e7t\u0131\u011f\u0131 ate\u015f sonucu 3 askerinin \u00f6ld\u00fc\u011f\u00fcn\u00fc, 6 askerinin de yaraland\u0131\u011f\u0131n\u0131 duyurdu.<\/p>\n<\/li>\n<li>\n<p style=\"text-align: justify;\"><a href=\"https:\/\/www.sana.sy\/tr\/?p=307196\">Sald\u0131rganl\u0131\u011f\u0131n 322&#8217;nci g\u00fcn\u00fcnde&#8230; \u0130\u015fgalin Gazze \u015eeridi&#8217;nin \u00e7e\u015fitli b\u00f6lgelerini bombalamas\u0131nda \u015fehit ve yaral\u0131lar<\/a>.<\/p>\n<p style=\"text-align: justify;\">&#8211; Filistin direni\u015fi, Gazze \u015eehri&#8217;nin El Zaytun mahallesinin g\u00fcneyinde \u0130srail d\u00fc\u015fman askerleri ve ara\u00e7lar\u0131n\u0131 havan toplar\u0131yla hedef al\u0131yor<\/p>\n<p style=\"text-align: justify;\">&#8211; Filistin medyas\u0131: \u0130srail d\u00fc\u015fman u\u00e7aklar\u0131n\u0131n Gazze \u015eeridi&#8217;nin merkezindeki Nuseyrat kamp\u0131n\u0131n bat\u0131s\u0131ndaki bir evi bombalamas\u0131 sonucu 4 \u015fehit ve \u00e7ok say\u0131da yaral\u0131.<\/p>\n<p style=\"text-align: justify;\">&#8211; Filistin medyas\u0131: \u0130srail d\u00fc\u015fman\u0131n\u0131n Gazze \u015eeridi&#8217;nin g\u00fcneyindeki Han Yunus&#8217;un g\u00fcneydo\u011fusunda bir arac\u0131 bombalamas\u0131 sonucu 4 \u015fehit.<\/p>\n<\/li>\n<\/ul>\n<p style=\"text-align: center;\"><strong><a href=\"https:\/\/t.me\/SuriyeArapHaberAjansI\">Telegram Kanal\u0131m\u0131z\u00a0<\/a>||<a href=\"https:\/\/twitter.com\/arap_ajans\">X Platformumuz\u00a0<\/a>||<a href=\"https:\/\/www.facebook.com\/SANAHaberAjansi\/\">Facebook Sayfam\u0131z<\/a><\/strong><\/p>\n","protected":false},"excerpt":{"rendered":"<p>\u0130\u015eGAL ED\u0130LEN KUD\u00dcS (SANA) \u2013\u00a0Filistin direni\u015finin i\u015fgalci \u0130srail\u2019in sald\u0131rganl\u0131\u011f\u0131na yan\u0131t olarak 7 Ekim\u2019de ba\u015flatt\u0131\u011f\u0131 Aksa Tufan\u0131 Operasyonu\u2019nda \u00f6ne \u00e7\u0131kan geli\u015fmeler: \u0130srail d\u00fc\u015fman medyas\u0131, bu sabah Gazze \u015eeridi&#8217;nde Filistin direni\u015finin a\u00e7t\u0131\u011f\u0131 ate\u015f sonucu 3 askerinin \u00f6ld\u00fc\u011f\u00fcn\u00fc, 6 askerinin de yaraland\u0131\u011f\u0131n\u0131 duyurdu. Sald\u0131rganl\u0131\u011f\u0131n 322&#8217;nci g\u00fcn\u00fcnde&#8230; \u0130\u015fgalin Gazze \u015eeridi&#8217;nin \u00e7e\u015fitli b\u00f6lgelerini bombalamas\u0131nda \u015fehit ve yaral\u0131lar. &#8211; Filistin direni\u015fi, &hellip;<\/p>\n","protected":false},"author":36,"featured_media":307194,"comment_status":"closed","ping_status":"closed","sticky":false,"template":"","format":"standard","meta":{"footnotes":""},"categories":[458,459,17988],"tags":[],"class_list":["post-307193","post","type-post","status-publish","format-standard","has-post-thumbnail","","category-dunya1","category-haberler-arap-uluslararasi-politika","category-son-haberler"],"_links":{"self":[{"href":"https:\/\/archive.sana.sy\/tr\/index.php?rest_route=\/wp\/v2\/posts\/307193","targetHints":{"allow":["GET"]}}],"collection":[{"href":"https:\/\/archive.sana.sy\/tr\/index.php?rest_route=\/wp\/v2\/posts"}],"about":[{"href":"https:\/\/archive.sana.sy\/tr\/index.php?rest_route=\/wp\/v2\/types\/post"}],"author":[{"embeddable":true,"href":"https:\/\/archive.sana.sy\/tr\/index.php?rest_route=\/wp\/v2\/users\/36"}],"replies":[{"embeddable":true,"href":"https:\/\/archive.sana.sy\/tr\/index.php?rest_route=%2Fwp%2Fv2%2Fcomments&post=307193"}],"version-history":[{"count":2,"href":"https:\/\/archive.sana.sy\/tr\/index.php?rest_route=\/wp\/v2\/posts\/307193\/revisions"}],"predecessor-version":[{"id":307205,"href":"https:\/\/archive.sana.sy\/tr\/index.php?rest_route=\/wp\/v2\/posts\/307193\/revisions\/307205"}],"wp:featuredmedia":[{"embeddable":true,"href":"https:\/\/archive.sana.sy\/tr\/index.php?rest_route=\/wp\/v2\/media\/307194"}],"wp:attachment":[{"href":"https:\/\/archive.sana.sy\/tr\/index.php?rest_route=%2Fwp%2Fv2%2Fmedia&parent=307193"}],"wp:term":[{"taxonomy":"category","embeddable":true,"href":"https:\/\/archive.sana.sy\/tr\/index.php?rest_route=%2Fwp%2Fv2%2Fcategories&post=307193"},{"taxonomy":"post_tag","embeddable":true,"href":"https:\/\/archive.sana.sy\/tr\/index.php?rest_route=%2Fwp%2Fv2%2Ftags&post=307193"}],"curies":[{"name":"wp","href":"https:\/\/api.w.org\/{rel}","templated":true}]}}