{"id":307196,"date":"2024-08-23T12:39:04","date_gmt":"2024-08-23T09:39:04","guid":{"rendered":"https:\/\/sana.sy\/tr\/?p=307196"},"modified":"2024-08-27T11:45:37","modified_gmt":"2024-08-27T08:45:37","slug":"saldirinin-322nci-gununde-isgalcilerin-gazze-seridinin-farkli-bolgelerini-bombalamasinda-sehit-ve-yaralilar-var","status":"publish","type":"post","link":"https:\/\/archive.sana.sy\/tr\/?p=307196","title":{"rendered":"Sald\u0131rganl\u0131\u011f\u0131n 322&#8217;nci G\u00fcn\u00fcnde \u0130\u015fgalcilerin Gazze \u015eeridi&#8217;nin Farkl\u0131 B\u00f6lgelerini Bombalamas\u0131nda \u015eehit ve Yaral\u0131lar Var"},"content":{"rendered":"<p style=\"text-align: justify;\"><strong>\u0130\u015eGAL ED\u0130LEN KUD\u00dcS (SANA)<\/strong> \u2013 \u0130\u015fgalci \u0130srail&#8217;in Gazze \u015eeridi&#8217;ne y\u00f6nelik sald\u0131r\u0131lar\u0131n\u0131n 322&#8217;nci g\u00fcn\u00fcnde ger\u00e7ekle\u015ftirdi\u011fi yeni katliamlar sonucu bu sabah \u00e7ok say\u0131da Filistinli \u015fehit oldu ve yaraland\u0131.<\/p>\n<p style=\"text-align: justify;\">Filistinli WAFA Haber Ajans\u0131, i\u015fgal u\u00e7a\u011f\u0131n\u0131n Gazze \u015eeridi&#8217;nin merkezindeki Nuseyrat kamp\u0131n\u0131n bat\u0131s\u0131ndaki bir evi bombalayarak d\u00f6rt Filistinliyi \u00f6ld\u00fcrd\u00fc\u011f\u00fcn\u00fc ve di\u011ferlerini de yaralad\u0131\u011f\u0131n\u0131 bildirdi.<\/p>\n<p style=\"text-align: justify;\">Bu arada Gazze \u015eeridi&#8217;nin g\u00fcneyindeki Han Yunus&#8217;un g\u00fcneydo\u011fusunda d\u00fc\u015fman\u0131n bir arac\u0131 bombalamas\u0131 sonucu 4 Filistinli \u015fehit d\u00fc\u015ft\u00fc.<\/p>\n<p style=\"text-align: center;\"><strong><a href=\"https:\/\/t.me\/SuriyeArapHaberAjansI\">Telegram Kanal\u0131m\u0131z\u00a0<\/a>||<a href=\"https:\/\/twitter.com\/arap_ajans\">X Platformumuz\u00a0<\/a>||<a href=\"https:\/\/www.facebook.com\/SANAHaberAjansi\/\">Facebook Sayfam\u0131z<\/a><\/strong><\/p>\n","protected":false},"excerpt":{"rendered":"<p>\u0130\u015eGAL ED\u0130LEN KUD\u00dcS (SANA) \u2013 \u0130\u015fgalci \u0130srail&#8217;in Gazze \u015eeridi&#8217;ne y\u00f6nelik sald\u0131r\u0131lar\u0131n\u0131n 322&#8217;nci g\u00fcn\u00fcnde ger\u00e7ekle\u015ftirdi\u011fi yeni katliamlar sonucu bu sabah \u00e7ok say\u0131da Filistinli \u015fehit oldu ve yaraland\u0131. Filistinli WAFA Haber Ajans\u0131, i\u015fgal u\u00e7a\u011f\u0131n\u0131n Gazze \u015eeridi&#8217;nin merkezindeki Nuseyrat kamp\u0131n\u0131n bat\u0131s\u0131ndaki bir evi bombalayarak d\u00f6rt Filistinliyi \u00f6ld\u00fcrd\u00fc\u011f\u00fcn\u00fc ve di\u011ferlerini de yaralad\u0131\u011f\u0131n\u0131 bildirdi. Bu arada Gazze \u015eeridi&#8217;nin g\u00fcneyindeki Han &hellip;<\/p>\n","protected":false},"author":36,"featured_media":307197,"comment_status":"closed","ping_status":"closed","sticky":false,"template":"","format":"standard","meta":{"footnotes":""},"categories":[458,459,17988],"tags":[],"class_list":["post-307196","post","type-post","status-publish","format-standard","has-post-thumbnail","","category-dunya1","category-haberler-arap-uluslararasi-politika","category-son-haberler"],"_links":{"self":[{"href":"https:\/\/archive.sana.sy\/tr\/index.php?rest_route=\/wp\/v2\/posts\/307196","targetHints":{"allow":["GET"]}}],"collection":[{"href":"https:\/\/archive.sana.sy\/tr\/index.php?rest_route=\/wp\/v2\/posts"}],"about":[{"href":"https:\/\/archive.sana.sy\/tr\/index.php?rest_route=\/wp\/v2\/types\/post"}],"author":[{"embeddable":true,"href":"https:\/\/archive.sana.sy\/tr\/index.php?rest_route=\/wp\/v2\/users\/36"}],"replies":[{"embeddable":true,"href":"https:\/\/archive.sana.sy\/tr\/index.php?rest_route=%2Fwp%2Fv2%2Fcomments&post=307196"}],"version-history":[{"count":2,"href":"https:\/\/archive.sana.sy\/tr\/index.php?rest_route=\/wp\/v2\/posts\/307196\/revisions"}],"predecessor-version":[{"id":307204,"href":"https:\/\/archive.sana.sy\/tr\/index.php?rest_route=\/wp\/v2\/posts\/307196\/revisions\/307204"}],"wp:featuredmedia":[{"embeddable":true,"href":"https:\/\/archive.sana.sy\/tr\/index.php?rest_route=\/wp\/v2\/media\/307197"}],"wp:attachment":[{"href":"https:\/\/archive.sana.sy\/tr\/index.php?rest_route=%2Fwp%2Fv2%2Fmedia&parent=307196"}],"wp:term":[{"taxonomy":"category","embeddable":true,"href":"https:\/\/archive.sana.sy\/tr\/index.php?rest_route=%2Fwp%2Fv2%2Fcategories&post=307196"},{"taxonomy":"post_tag","embeddable":true,"href":"https:\/\/archive.sana.sy\/tr\/index.php?rest_route=%2Fwp%2Fv2%2Ftags&post=307196"}],"curies":[{"name":"wp","href":"https:\/\/api.w.org\/{rel}","templated":true}]}}