{"id":307199,"date":"2024-08-23T15:00:48","date_gmt":"2024-08-23T12:00:48","guid":{"rendered":"https:\/\/sana.sy\/tr\/?p=307199"},"modified":"2024-08-27T11:45:46","modified_gmt":"2024-08-27T08:45:46","slug":"mikdad-ve-arakci-iki-ulke-arasindaki-stratejik-iliskileri-daha-genis-ufuklara-tasimanin-ve-guclendirmenin-onemini-vurguladilar","status":"publish","type":"post","link":"https:\/\/archive.sana.sy\/tr\/?p=307199","title":{"rendered":"Mikdad Ve Erak\u00e7i, \u0130ki \u00dclke Aras\u0131ndaki Stratejik \u0130li\u015fkileri Daha Geni\u015f Ufuklara Ta\u015f\u0131man\u0131n Ve G\u00fc\u00e7lendirmenin \u00d6nemini Vurgulad\u0131"},"content":{"rendered":"<p style=\"text-align: justify;\"><strong>\u015eAM (SANA) &#8211;<\/strong> D\u0131\u015fi\u015fleri ve Gurbet\u00e7iler Bakan\u0131 Faysal Mikdad, Abbas Erak\u00e7i&#8217;yi arayarak \u0130ran \u0130slam Cumhuriyeti D\u0131\u015fi\u015fleri Bakan\u0131 g\u00f6revini \u00fcstlenmesi nedeniyle kendisini tebrik etti.<\/p>\n<p style=\"text-align: justify;\">Bakan Mikdad, Cumhurba\u015fkan\u0131 Be\u015f\u015far Esad&#8217;\u0131n selamlar\u0131n\u0131 \u0130ran Devrimi Lideri Say\u0131n Ali Hamaney ve \u0130ran \u0130slam Cumhuriyeti Cumhurba\u015fkan\u0131 Mesud Peze\u015fkiyan&#8217;a iletti.<\/p>\n<p style=\"text-align: justify;\">Telefon g\u00f6r\u00fc\u015fmesinde iki D\u0131\u015fi\u015fleri Bakan\u0131, iki \u00fclke aras\u0131ndaki stratejik ili\u015fkilerin daha geni\u015f ufuklara do\u011fru ilerletilmesi ve g\u00fc\u00e7lendirilmesinin \u00f6nemini vurgulad\u0131.<\/p>\n<p style=\"text-align: justify;\">Bakan Mikdad g\u00f6r\u00fc\u015fmede, \u0130ran \u0130slam Cumhuriyeti ile kom\u015fu \u00fclkeler aras\u0131ndaki ili\u015fkileri geli\u015ftirmek i\u00e7in yorulmak bilmeden \u00e7al\u0131\u015fmaya ili\u015fkin yeni \u0130ran liderli\u011finin vurgulad\u0131\u011f\u0131 \u015feyin \u00f6nemini vurgulad\u0131.<\/p>\n<p style=\"text-align: justify;\">\u0130ki D\u0131\u015fi\u015fleri Bakan\u0131, Gazze, Bat\u0131 \u015eeria ve Kud\u00fcs&#8217;teki Filistin halk\u0131n\u0131n yan\u0131nda olmaya devam etmek de dahil olmak \u00fczere, b\u00f6lgesel meselelerle ilgili olarak Suriye Arap Cumhuriyeti ile \u0130ran \u0130slam Cumhuriyeti aras\u0131ndaki pozisyonlar\u0131 koordine etmeye devam etme konusunda mutabakata vard\u0131 ve soyk\u0131r\u0131m politikas\u0131n\u0131 ve \u0131rk\u00e7\u0131 Siyonist varl\u0131\u011f\u0131n Filistin halk\u0131na kar\u015f\u0131 hi\u00e7bir cayd\u0131r\u0131c\u0131l\u0131k olmaks\u0131z\u0131n i\u015fledi\u011fi su\u00e7lar\u0131 \u015fiddetle k\u0131nad\u0131.<\/p>\n<p style=\"text-align: justify;\">\u0130ki bakan ayr\u0131ca Bat\u0131 politikalar\u0131n\u0131, \u00f6zellikle de Amerika Birle\u015fik Devletleri&#8217;nin \u0130srail su\u00e7lar\u0131n\u0131 destekleme politikas\u0131n\u0131, bu su\u00e7lar\u0131 durdurma konusundaki ciddiyetsizli\u011fini ve Filistin halk\u0131n\u0131n insani ve ge\u00e7im ac\u0131lar\u0131n\u0131 tamamen g\u00f6z ard\u0131 etmesini k\u0131nad\u0131.<\/p>\n<p style=\"text-align: justify;\">\u0130ki d\u0131\u015fi\u015fleri bakan\u0131, iki \u00fclkeyi, b\u00f6lge halklar\u0131n\u0131 ve d\u00fcnyay\u0131 ilgilendiren konularda kendi aralar\u0131nda isti\u015fare ve koordinasyonun s\u00fcrd\u00fcr\u00fclmesi konusunda da mutabakata vard\u0131.<\/p>\n<p style=\"text-align: center;\"><strong><a href=\"https:\/\/t.me\/SuriyeArapHaberAjansI\">Telegram Kanal\u0131m\u0131z\u00a0<\/a>||<a href=\"https:\/\/twitter.com\/arap_ajans\">X Platformumuz\u00a0<\/a>||<a href=\"https:\/\/www.facebook.com\/SANAHaberAjansi\/\">Facebook Sayfam\u0131z<\/a><\/strong><\/p>\n","protected":false},"excerpt":{"rendered":"<p>\u015eAM (SANA) &#8211; D\u0131\u015fi\u015fleri ve Gurbet\u00e7iler Bakan\u0131 Faysal Mikdad, Abbas Erak\u00e7i&#8217;yi arayarak \u0130ran \u0130slam Cumhuriyeti D\u0131\u015fi\u015fleri Bakan\u0131 g\u00f6revini \u00fcstlenmesi nedeniyle kendisini tebrik etti. Bakan Mikdad, Cumhurba\u015fkan\u0131 Be\u015f\u015far Esad&#8217;\u0131n selamlar\u0131n\u0131 \u0130ran Devrimi Lideri Say\u0131n Ali Hamaney ve \u0130ran \u0130slam Cumhuriyeti Cumhurba\u015fkan\u0131 Mesud Peze\u015fkiyan&#8217;a iletti. Telefon g\u00f6r\u00fc\u015fmesinde iki D\u0131\u015fi\u015fleri Bakan\u0131, iki \u00fclke aras\u0131ndaki stratejik ili\u015fkilerin daha geni\u015f &hellip;<\/p>\n","protected":false},"author":41,"featured_media":307200,"comment_status":"closed","ping_status":"closed","sticky":false,"template":"","format":"standard","meta":{"footnotes":""},"categories":[479,17988,478],"tags":[42217,38940,42218,42216],"class_list":["post-307199","post","type-post","status-publish","format-standard","has-post-thumbnail","","category-haberler-yerel","category-son-haberler","category-yerel","tag-iki-ulke-arasindaki-stratejik-iliskileri-daha-genis-ufuklara-tasimanin-ve-guclendirmenin-onemini-vurguladilar","tag-iran-ve-suriye-arasindaki-iliskiler","tag-iranin-yeni-cumhurbaskani","tag-mikdad-ve-arakci"],"_links":{"self":[{"href":"https:\/\/archive.sana.sy\/tr\/index.php?rest_route=\/wp\/v2\/posts\/307199","targetHints":{"allow":["GET"]}}],"collection":[{"href":"https:\/\/archive.sana.sy\/tr\/index.php?rest_route=\/wp\/v2\/posts"}],"about":[{"href":"https:\/\/archive.sana.sy\/tr\/index.php?rest_route=\/wp\/v2\/types\/post"}],"author":[{"embeddable":true,"href":"https:\/\/archive.sana.sy\/tr\/index.php?rest_route=\/wp\/v2\/users\/41"}],"replies":[{"embeddable":true,"href":"https:\/\/archive.sana.sy\/tr\/index.php?rest_route=%2Fwp%2Fv2%2Fcomments&post=307199"}],"version-history":[{"count":7,"href":"https:\/\/archive.sana.sy\/tr\/index.php?rest_route=\/wp\/v2\/posts\/307199\/revisions"}],"predecessor-version":[{"id":307244,"href":"https:\/\/archive.sana.sy\/tr\/index.php?rest_route=\/wp\/v2\/posts\/307199\/revisions\/307244"}],"wp:featuredmedia":[{"embeddable":true,"href":"https:\/\/archive.sana.sy\/tr\/index.php?rest_route=\/wp\/v2\/media\/307200"}],"wp:attachment":[{"href":"https:\/\/archive.sana.sy\/tr\/index.php?rest_route=%2Fwp%2Fv2%2Fmedia&parent=307199"}],"wp:term":[{"taxonomy":"category","embeddable":true,"href":"https:\/\/archive.sana.sy\/tr\/index.php?rest_route=%2Fwp%2Fv2%2Fcategories&post=307199"},{"taxonomy":"post_tag","embeddable":true,"href":"https:\/\/archive.sana.sy\/tr\/index.php?rest_route=%2Fwp%2Fv2%2Ftags&post=307199"}],"curies":[{"name":"wp","href":"https:\/\/api.w.org\/{rel}","templated":true}]}}