{"id":307206,"date":"2024-08-23T06:14:48","date_gmt":"2024-08-23T03:14:48","guid":{"rendered":"https:\/\/sana.sy\/tr\/?p=307206"},"modified":"2024-08-27T11:45:20","modified_gmt":"2024-08-27T08:45:20","slug":"israilin-lubnanin-guneyindeki-tayir-harfa-kasabasina-duzenledigi-baskinda-iki-sehit","status":"publish","type":"post","link":"https:\/\/archive.sana.sy\/tr\/?p=307206","title":{"rendered":"\u0130srail&#8217;in L\u00fcbnan&#8217;\u0131n G\u00fcneyindeki Tayir Harfa Kasabas\u0131na D\u00fczenledi\u011fi Bask\u0131nda \u0130ki \u015eehit"},"content":{"rendered":"<p style=\"text-align: justify;\"><strong>BEYRUT (SANA)<\/strong> &#8211; \u0130srail d\u00fc\u015fman u\u00e7aklar\u0131n\u0131n bug\u00fcn G\u00fcney L\u00fcbnan&#8217;\u0131n bat\u0131 kesimindeki Tair Harfa kasabas\u0131na d\u00fczenledi\u011fi bask\u0131nda 2 L\u00fcbnanl\u0131 \u015fehit oldu, bir ki\u015fi de yaraland\u0131.<\/p>\n<p style=\"text-align: justify;\">L\u00fcbnan Ulusal Haber Ajans\u0131, \u00f6n bilgilere g\u00f6re \u0130srail&#8217;in Tair Harfa&#8217;ya d\u00fczenledi\u011fi bask\u0131nda 2 \u015fehit ve 1 yaral\u0131n\u0131n hayat\u0131n\u0131 kaybetti\u011fini bildirdi.<\/p>\n<p style=\"text-align: justify;\">Gece yar\u0131s\u0131ndan sonra d\u00fc\u015fman \u0130srail, orta kesimdeki Ayra El \u015eaab kasabas\u0131na da a\u011f\u0131r makineli t\u00fcfeklerle ate\u015f a\u00e7t\u0131 ve \u015fafak vakti bat\u0131 kesimindeki Naqoura kasabas\u0131 ve Cebel Ellebbune \u00e7evresini bombalad\u0131.<\/p>\n<p style=\"text-align: justify;\">Gece boyunca ve bu sabaha kadar d\u00fc\u015fman \u0130srail , Mavi Hat&#8217;a kom\u015fu s\u0131n\u0131r k\u00f6ylerine i\u015faret fi\u015fe\u011fi atmay\u0131 s\u00fcrd\u00fcr\u00fcrken, d\u00fc\u015fman askeri ve ke\u015fif u\u00e7aklar\u0131 da g\u00fcneydeki k\u00f6ylerin \u00fczerinde u\u00e7maya devam etti.<\/p>\n<p style=\"text-align: center;\"><strong><a href=\"https:\/\/t.me\/SuriyeArapHaberAjansI\">Telegram Kanal\u0131m\u0131z\u00a0<\/a>||<a href=\"https:\/\/twitter.com\/arap_ajans\">X Platformumuz\u00a0<\/a>||<a href=\"https:\/\/www.facebook.com\/SANAHaberAjansi\/\">Facebook Sayfam\u0131z<\/a><\/strong><\/p>\n","protected":false},"excerpt":{"rendered":"<p>BEYRUT (SANA) &#8211; \u0130srail d\u00fc\u015fman u\u00e7aklar\u0131n\u0131n bug\u00fcn G\u00fcney L\u00fcbnan&#8217;\u0131n bat\u0131 kesimindeki Tair Harfa kasabas\u0131na d\u00fczenledi\u011fi bask\u0131nda 2 L\u00fcbnanl\u0131 \u015fehit oldu, bir ki\u015fi de yaraland\u0131. L\u00fcbnan Ulusal Haber Ajans\u0131, \u00f6n bilgilere g\u00f6re \u0130srail&#8217;in Tair Harfa&#8217;ya d\u00fczenledi\u011fi bask\u0131nda 2 \u015fehit ve 1 yaral\u0131n\u0131n hayat\u0131n\u0131 kaybetti\u011fini bildirdi. Gece yar\u0131s\u0131ndan sonra d\u00fc\u015fman \u0130srail, orta kesimdeki Ayra El \u015eaab kasabas\u0131na &hellip;<\/p>\n","protected":false},"author":41,"featured_media":307207,"comment_status":"closed","ping_status":"closed","sticky":false,"template":"","format":"standard","meta":{"footnotes":""},"categories":[458,459,17988],"tags":[],"class_list":["post-307206","post","type-post","status-publish","format-standard","has-post-thumbnail","","category-dunya1","category-haberler-arap-uluslararasi-politika","category-son-haberler"],"_links":{"self":[{"href":"https:\/\/archive.sana.sy\/tr\/index.php?rest_route=\/wp\/v2\/posts\/307206","targetHints":{"allow":["GET"]}}],"collection":[{"href":"https:\/\/archive.sana.sy\/tr\/index.php?rest_route=\/wp\/v2\/posts"}],"about":[{"href":"https:\/\/archive.sana.sy\/tr\/index.php?rest_route=\/wp\/v2\/types\/post"}],"author":[{"embeddable":true,"href":"https:\/\/archive.sana.sy\/tr\/index.php?rest_route=\/wp\/v2\/users\/41"}],"replies":[{"embeddable":true,"href":"https:\/\/archive.sana.sy\/tr\/index.php?rest_route=%2Fwp%2Fv2%2Fcomments&post=307206"}],"version-history":[{"count":1,"href":"https:\/\/archive.sana.sy\/tr\/index.php?rest_route=\/wp\/v2\/posts\/307206\/revisions"}],"predecessor-version":[{"id":307208,"href":"https:\/\/archive.sana.sy\/tr\/index.php?rest_route=\/wp\/v2\/posts\/307206\/revisions\/307208"}],"wp:featuredmedia":[{"embeddable":true,"href":"https:\/\/archive.sana.sy\/tr\/index.php?rest_route=\/wp\/v2\/media\/307207"}],"wp:attachment":[{"href":"https:\/\/archive.sana.sy\/tr\/index.php?rest_route=%2Fwp%2Fv2%2Fmedia&parent=307206"}],"wp:term":[{"taxonomy":"category","embeddable":true,"href":"https:\/\/archive.sana.sy\/tr\/index.php?rest_route=%2Fwp%2Fv2%2Fcategories&post=307206"},{"taxonomy":"post_tag","embeddable":true,"href":"https:\/\/archive.sana.sy\/tr\/index.php?rest_route=%2Fwp%2Fv2%2Ftags&post=307206"}],"curies":[{"name":"wp","href":"https:\/\/api.w.org\/{rel}","templated":true}]}}