{"id":307215,"date":"2024-08-23T15:57:47","date_gmt":"2024-08-23T12:57:47","guid":{"rendered":"https:\/\/sana.sy\/tr\/?p=307215"},"modified":"2024-08-27T11:45:46","modified_gmt":"2024-08-27T08:45:46","slug":"putin-rusya-ermenistan-ile-azerbaycan-arasinda-baris-anlasmasinin-gelistirilmesi-icin-yardim-saglamaya-hazirdir","status":"publish","type":"post","link":"https:\/\/archive.sana.sy\/tr\/?p=307215","title":{"rendered":"Putin: Rusya, Ermenistan ile Azerbaycan Aras\u0131nda Bar\u0131\u015f Anla\u015fmas\u0131n\u0131n Geli\u015ftirilmesi \u0130\u00e7in Yard\u0131m Sa\u011flamaya Haz\u0131rd\u0131r"},"content":{"rendered":"<p style=\"text-align: justify;\"><strong>MOSKOVA <\/strong><strong>(SANA) &#8211;<\/strong> Rusya Devlet Ba\u015fkan\u0131 Vladimir Putin, ge\u00e7en hafta Ermenistan Ba\u015fbakan\u0131 Nikolai Pa\u015finyan ile bir telefon g\u00f6r\u00fc\u015fmesi ger\u00e7ekle\u015ftirerek Azerbaycan&#8217;a yapt\u0131\u011f\u0131 ziyaretin sonu\u00e7lar\u0131n\u0131 ele ald\u0131.<\/p>\n<p style=\"text-align: justify;\">Ermenistan Bakanlar Kurulu Ba\u015fkanl\u0131\u011f\u0131 yapt\u0131\u011f\u0131 a\u00e7\u0131klamada, \u2018\u2019Pa\u015finyan, Putin&#8217;le telefon g\u00f6r\u00fc\u015fmesi yaparak ge\u00e7en hafta Azerbaycan&#8217;a yapt\u0131\u011f\u0131 ziyaretin izlenimlerini aktard\u0131\u2019\u2019 diyerek, Pa\u015finyan&#8217;\u0131n, ikili g\u00fcndemdeki konular\u0131 g\u00f6r\u00fc\u015fmek \u00fczere gelecekte Putin ile g\u00f6r\u00fc\u015fme konusunda mutabakata vard\u0131\u011f\u0131n\u0131 kaydetti.<\/p>\n<p style=\"text-align: justify;\">Kremlin de iki taraf aras\u0131ndaki g\u00f6r\u00fc\u015fmelerin Ermenistan-Azerbaycan ili\u015fkilerinin normalle\u015fmesine y\u00f6nelik oldu\u011funu duyururken, Rusya taraf\u0131, s\u0131n\u0131r belirleme s\u00fcrecinin g\u00fc\u00e7lendirilmesi ve ula\u015ft\u0131rma ileti\u015fimlerinin ve lojistik hizmetlerinin a\u00e7\u0131lmas\u0131 da dahil olmak \u00fczere, bir bar\u0131\u015f anla\u015fmas\u0131n\u0131n geli\u015ftirilmesi i\u00e7in Ermenistan ve Azerbaycan&#8217;a yard\u0131m sa\u011flamaya devam etmeye haz\u0131r oldu\u011funu ifade etti.<\/p>\n<p style=\"text-align: justify;\">Kremlin, iki cumhurba\u015fkan\u0131 aras\u0131ndaki g\u00f6r\u00fc\u015fmenin olumlu ge\u00e7ti\u011fini belirtirken, Putin G\u00fcney Kafkasya&#8217;da kal\u0131c\u0131 bar\u0131\u015f\u0131n b\u00f6lge halklar\u0131n\u0131n \u00e7\u0131karlar\u0131na uygun oldu\u011funu ve Rusya&#8217;n\u0131n bunun sa\u011flanmas\u0131na m\u00fcmk\u00fcn olan her \u015fekilde katk\u0131da bulunaca\u011f\u0131n\u0131 vurgulad\u0131.<\/p>\n<p style=\"text-align: center;\"><strong><a href=\"https:\/\/t.me\/SuriyeArapHaberAjansI\">Telegram Kanal\u0131m\u0131z\u00a0<\/a>||<a href=\"https:\/\/twitter.com\/arap_ajans\">X Platformumuz\u00a0<\/a>||<a href=\"https:\/\/www.facebook.com\/SANAHaberAjansi\/\">Facebook Sayfam\u0131z<\/a><\/strong><\/p>\n","protected":false},"excerpt":{"rendered":"<p>MOSKOVA (SANA) &#8211; Rusya Devlet Ba\u015fkan\u0131 Vladimir Putin, ge\u00e7en hafta Ermenistan Ba\u015fbakan\u0131 Nikolai Pa\u015finyan ile bir telefon g\u00f6r\u00fc\u015fmesi ger\u00e7ekle\u015ftirerek Azerbaycan&#8217;a yapt\u0131\u011f\u0131 ziyaretin sonu\u00e7lar\u0131n\u0131 ele ald\u0131. Ermenistan Bakanlar Kurulu Ba\u015fkanl\u0131\u011f\u0131 yapt\u0131\u011f\u0131 a\u00e7\u0131klamada, \u2018\u2019Pa\u015finyan, Putin&#8217;le telefon g\u00f6r\u00fc\u015fmesi yaparak ge\u00e7en hafta Azerbaycan&#8217;a yapt\u0131\u011f\u0131 ziyaretin izlenimlerini aktard\u0131\u2019\u2019 diyerek, Pa\u015finyan&#8217;\u0131n, ikili g\u00fcndemdeki konular\u0131 g\u00f6r\u00fc\u015fmek \u00fczere gelecekte Putin ile g\u00f6r\u00fc\u015fme konusunda &hellip;<\/p>\n","protected":false},"author":41,"featured_media":307216,"comment_status":"closed","ping_status":"closed","sticky":false,"template":"","format":"standard","meta":{"footnotes":""},"categories":[458,459,17988],"tags":[42221,13769],"class_list":["post-307215","post","type-post","status-publish","format-standard","has-post-thumbnail","","category-dunya1","category-haberler-arap-uluslararasi-politika","category-son-haberler","tag-ermenistan-ile-azerbaycan-arasinda-baris-anlasmasinin-gelistirilmesi-icin-yardim-saglamaya-hazirdir","tag-putin-rusya"],"_links":{"self":[{"href":"https:\/\/archive.sana.sy\/tr\/index.php?rest_route=\/wp\/v2\/posts\/307215","targetHints":{"allow":["GET"]}}],"collection":[{"href":"https:\/\/archive.sana.sy\/tr\/index.php?rest_route=\/wp\/v2\/posts"}],"about":[{"href":"https:\/\/archive.sana.sy\/tr\/index.php?rest_route=\/wp\/v2\/types\/post"}],"author":[{"embeddable":true,"href":"https:\/\/archive.sana.sy\/tr\/index.php?rest_route=\/wp\/v2\/users\/41"}],"replies":[{"embeddable":true,"href":"https:\/\/archive.sana.sy\/tr\/index.php?rest_route=%2Fwp%2Fv2%2Fcomments&post=307215"}],"version-history":[{"count":1,"href":"https:\/\/archive.sana.sy\/tr\/index.php?rest_route=\/wp\/v2\/posts\/307215\/revisions"}],"predecessor-version":[{"id":307217,"href":"https:\/\/archive.sana.sy\/tr\/index.php?rest_route=\/wp\/v2\/posts\/307215\/revisions\/307217"}],"wp:featuredmedia":[{"embeddable":true,"href":"https:\/\/archive.sana.sy\/tr\/index.php?rest_route=\/wp\/v2\/media\/307216"}],"wp:attachment":[{"href":"https:\/\/archive.sana.sy\/tr\/index.php?rest_route=%2Fwp%2Fv2%2Fmedia&parent=307215"}],"wp:term":[{"taxonomy":"category","embeddable":true,"href":"https:\/\/archive.sana.sy\/tr\/index.php?rest_route=%2Fwp%2Fv2%2Fcategories&post=307215"},{"taxonomy":"post_tag","embeddable":true,"href":"https:\/\/archive.sana.sy\/tr\/index.php?rest_route=%2Fwp%2Fv2%2Ftags&post=307215"}],"curies":[{"name":"wp","href":"https:\/\/api.w.org\/{rel}","templated":true}]}}