{"id":307218,"date":"2024-08-23T17:38:49","date_gmt":"2024-08-23T14:38:49","guid":{"rendered":"https:\/\/sana.sy\/tr\/?p=307218"},"modified":"2024-08-27T11:45:47","modified_gmt":"2024-08-27T08:45:47","slug":"dusman-israil-gazze-seridindeki-direnis-atesinde-uc-askerinin-olduruldugunu-duyurdu","status":"publish","type":"post","link":"https:\/\/archive.sana.sy\/tr\/?p=307218","title":{"rendered":"D\u00fc\u015fman \u0130srail, Gazze \u015eeridi&#8217;ndeki Direni\u015f Ate\u015finde \u00dc\u00e7 Askerinin \u00d6ld\u00fcr\u00fcld\u00fc\u011f\u00fcn\u00fc Duyurdu"},"content":{"rendered":"<p style=\"text-align: justify;\"><strong>\u0130\u015eGAL ED\u0130LEN KUD\u00dcS (SANA) \u2013<\/strong> D\u00fc\u015fman \u0130srail, bu sabah Gazze \u015eeridi&#8217;nde Filistin direni\u015finin a\u00e7t\u0131\u011f\u0131 ate\u015f sonucu 3 askerinin \u00f6ld\u00fc\u011f\u00fcn\u00fc, 6 askerinin de yaraland\u0131\u011f\u0131n\u0131 duyurdu.<\/p>\n<p style=\"text-align: justify;\">Kendi y\u00f6n\u00fcnden direni\u015f, &#8220;Yassin 105&#8221; ve &#8220;Tandum&#8221; mermileriyle 5 \u0130srail d\u00fc\u015fman tank\u0131n\u0131 ve g\u00fc\u00e7lendirilmi\u015f TPG mermisiyle Refah \u015fehrinin bat\u0131s\u0131nda yer alanTel El Sultan semtindeki bir okula barikat kuran bir d\u00fc\u015fman kuvvetini hedef ald\u0131\u011f\u0131n\u0131 a\u00e7\u0131klad\u0131.<\/p>\n<p style=\"text-align: justify;\">Direni\u015f ayn\u0131 zamanda Gazze \u015eehri&#8217;nin El Zaytun mahallesinin g\u00fcneyinde Siyonist bir d\u00fc\u015fman g\u00fcc\u00fcyle de \u00e7at\u0131\u015ft\u0131, \u00fcyeleri \u00f6l\u00fc ve yaral\u0131 kald\u0131, e\u015f zamanl\u0131 olarak ayn\u0131 mahallede d\u00fc\u015fman askerleri ve ara\u00e7lar\u0131 da havan toplar\u0131yla hedef al\u0131nd\u0131.<\/p>\n<p style=\"text-align: center;\"><strong><a href=\"https:\/\/t.me\/SuriyeArapHaberAjansI\">Telegram Kanal\u0131m\u0131z\u00a0<\/a>||<a href=\"https:\/\/twitter.com\/arap_ajans\">X Platformumuz\u00a0<\/a>||<a href=\"https:\/\/www.facebook.com\/SANAHaberAjansi\/\">Facebook Sayfam\u0131z<\/a><\/strong><\/p>\n","protected":false},"excerpt":{"rendered":"<p>\u0130\u015eGAL ED\u0130LEN KUD\u00dcS (SANA) \u2013 D\u00fc\u015fman \u0130srail, bu sabah Gazze \u015eeridi&#8217;nde Filistin direni\u015finin a\u00e7t\u0131\u011f\u0131 ate\u015f sonucu 3 askerinin \u00f6ld\u00fc\u011f\u00fcn\u00fc, 6 askerinin de yaraland\u0131\u011f\u0131n\u0131 duyurdu. Kendi y\u00f6n\u00fcnden direni\u015f, &#8220;Yassin 105&#8221; ve &#8220;Tandum&#8221; mermileriyle 5 \u0130srail d\u00fc\u015fman tank\u0131n\u0131 ve g\u00fc\u00e7lendirilmi\u015f TPG mermisiyle Refah \u015fehrinin bat\u0131s\u0131nda yer alanTel El Sultan semtindeki bir okula barikat kuran bir d\u00fc\u015fman kuvvetini &hellip;<\/p>\n","protected":false},"author":41,"featured_media":307219,"comment_status":"closed","ping_status":"closed","sticky":false,"template":"","format":"standard","meta":{"footnotes":""},"categories":[458,459,17988],"tags":[25772,42222],"class_list":["post-307218","post","type-post","status-publish","format-standard","has-post-thumbnail","","category-dunya1","category-haberler-arap-uluslararasi-politika","category-son-haberler","tag-dusman-israil","tag-gazze-seridindeki-direnis-atesinde-uc-askerinin-olduruldugunu-duyurdu"],"_links":{"self":[{"href":"https:\/\/archive.sana.sy\/tr\/index.php?rest_route=\/wp\/v2\/posts\/307218","targetHints":{"allow":["GET"]}}],"collection":[{"href":"https:\/\/archive.sana.sy\/tr\/index.php?rest_route=\/wp\/v2\/posts"}],"about":[{"href":"https:\/\/archive.sana.sy\/tr\/index.php?rest_route=\/wp\/v2\/types\/post"}],"author":[{"embeddable":true,"href":"https:\/\/archive.sana.sy\/tr\/index.php?rest_route=\/wp\/v2\/users\/41"}],"replies":[{"embeddable":true,"href":"https:\/\/archive.sana.sy\/tr\/index.php?rest_route=%2Fwp%2Fv2%2Fcomments&post=307218"}],"version-history":[{"count":1,"href":"https:\/\/archive.sana.sy\/tr\/index.php?rest_route=\/wp\/v2\/posts\/307218\/revisions"}],"predecessor-version":[{"id":307220,"href":"https:\/\/archive.sana.sy\/tr\/index.php?rest_route=\/wp\/v2\/posts\/307218\/revisions\/307220"}],"wp:featuredmedia":[{"embeddable":true,"href":"https:\/\/archive.sana.sy\/tr\/index.php?rest_route=\/wp\/v2\/media\/307219"}],"wp:attachment":[{"href":"https:\/\/archive.sana.sy\/tr\/index.php?rest_route=%2Fwp%2Fv2%2Fmedia&parent=307218"}],"wp:term":[{"taxonomy":"category","embeddable":true,"href":"https:\/\/archive.sana.sy\/tr\/index.php?rest_route=%2Fwp%2Fv2%2Fcategories&post=307218"},{"taxonomy":"post_tag","embeddable":true,"href":"https:\/\/archive.sana.sy\/tr\/index.php?rest_route=%2Fwp%2Fv2%2Ftags&post=307218"}],"curies":[{"name":"wp","href":"https:\/\/api.w.org\/{rel}","templated":true}]}}