{"id":307232,"date":"2024-08-23T08:54:21","date_gmt":"2024-08-23T05:54:21","guid":{"rendered":"https:\/\/sana.sy\/tr\/?p=307232"},"modified":"2024-08-27T11:45:23","modified_gmt":"2024-08-27T08:45:23","slug":"iran-israil-saldirganligina-karsi-lubnana-destegini-yineledi","status":"publish","type":"post","link":"https:\/\/archive.sana.sy\/tr\/?p=307232","title":{"rendered":"\u0130ran, \u0130srail Sald\u0131rganl\u0131\u011f\u0131na Kar\u015f\u0131 L\u00fcbnan&#8217;a Deste\u011fini Yineledi"},"content":{"rendered":"<p style=\"text-align: justify;\"><strong>TAHRAN (SANA)<\/strong> &#8211; \u0130ran D\u0131\u015fi\u015fleri Bakan\u0131 Abbas Arak\u00e7i, \u00fclkesinin L\u00fcbnan&#8217;a deste\u011fini ve Siyonist varl\u0131\u011f\u0131n topraklar\u0131na y\u00f6nelik her t\u00fcrl\u00fc sald\u0131rganl\u0131\u011f\u0131na kar\u015f\u0131 direni\u015fini yineledi.<\/p>\n<p style=\"text-align: justify;\">Bug\u00fcn aralar\u0131nda yap\u0131lan telefon g\u00f6r\u00fc\u015fmesinde Araghchi ve L\u00fcbnan ge\u00e7ici h\u00fck\u00fcmetinin D\u0131\u015fi\u015fleri Bakan\u0131 Abdullah Bouhabib, Siyonist varl\u0131\u011f\u0131n Filistin&#8217;de i\u015fledi\u011fi sava\u015f su\u00e7lar\u0131 ve L\u00fcbnan&#8217;a y\u00f6nelik sald\u0131r\u0131lar\u0131 \u0131\u015f\u0131\u011f\u0131nda son b\u00f6lgesel geli\u015fmeler hakk\u0131nda g\u00f6r\u00fc\u015f al\u0131\u015fveri\u015finde bulundu.<\/p>\n<p style=\"text-align: justify;\">G\u00f6r\u00fc\u015fme s\u0131ras\u0131nda iki taraf, her iki \u00fclkenin \u00e7\u0131karlar\u0131n\u0131 ilgilendiren \u00e7e\u015fitli alanlarda ortak isti\u015fareleri s\u00fcrd\u00fcrmeye haz\u0131r olduklar\u0131n\u0131 teyit etti.<\/p>\n<p style=\"text-align: center;\"><strong><a href=\"https:\/\/t.me\/SuriyeArapHaberAjansI\">Telegram Kanal\u0131m\u0131z\u00a0<\/a>||<a href=\"https:\/\/twitter.com\/arap_ajans\">X Platformumuz\u00a0<\/a>||<a href=\"https:\/\/www.facebook.com\/SANAHaberAjansi\/\">Facebook Sayfam\u0131z<\/a><\/strong><\/p>\n","protected":false},"excerpt":{"rendered":"<p>TAHRAN (SANA) &#8211; \u0130ran D\u0131\u015fi\u015fleri Bakan\u0131 Abbas Arak\u00e7i, \u00fclkesinin L\u00fcbnan&#8217;a deste\u011fini ve Siyonist varl\u0131\u011f\u0131n topraklar\u0131na y\u00f6nelik her t\u00fcrl\u00fc sald\u0131rganl\u0131\u011f\u0131na kar\u015f\u0131 direni\u015fini yineledi. Bug\u00fcn aralar\u0131nda yap\u0131lan telefon g\u00f6r\u00fc\u015fmesinde Araghchi ve L\u00fcbnan ge\u00e7ici h\u00fck\u00fcmetinin D\u0131\u015fi\u015fleri Bakan\u0131 Abdullah Bouhabib, Siyonist varl\u0131\u011f\u0131n Filistin&#8217;de i\u015fledi\u011fi sava\u015f su\u00e7lar\u0131 ve L\u00fcbnan&#8217;a y\u00f6nelik sald\u0131r\u0131lar\u0131 \u0131\u015f\u0131\u011f\u0131nda son b\u00f6lgesel geli\u015fmeler hakk\u0131nda g\u00f6r\u00fc\u015f al\u0131\u015fveri\u015finde bulundu. G\u00f6r\u00fc\u015fme &hellip;<\/p>\n","protected":false},"author":41,"featured_media":307233,"comment_status":"closed","ping_status":"closed","sticky":false,"template":"","format":"standard","meta":{"footnotes":""},"categories":[458,459,17988],"tags":[3915,42227,42228],"class_list":["post-307232","post","type-post","status-publish","format-standard","has-post-thumbnail","","category-dunya1","category-haberler-arap-uluslararasi-politika","category-son-haberler","tag-iran","tag-iran-lubnanla-isliklileri","tag-israil-saldirganligina-karsi-lubnana-destegini-yineledi"],"_links":{"self":[{"href":"https:\/\/archive.sana.sy\/tr\/index.php?rest_route=\/wp\/v2\/posts\/307232","targetHints":{"allow":["GET"]}}],"collection":[{"href":"https:\/\/archive.sana.sy\/tr\/index.php?rest_route=\/wp\/v2\/posts"}],"about":[{"href":"https:\/\/archive.sana.sy\/tr\/index.php?rest_route=\/wp\/v2\/types\/post"}],"author":[{"embeddable":true,"href":"https:\/\/archive.sana.sy\/tr\/index.php?rest_route=\/wp\/v2\/users\/41"}],"replies":[{"embeddable":true,"href":"https:\/\/archive.sana.sy\/tr\/index.php?rest_route=%2Fwp%2Fv2%2Fcomments&post=307232"}],"version-history":[{"count":1,"href":"https:\/\/archive.sana.sy\/tr\/index.php?rest_route=\/wp\/v2\/posts\/307232\/revisions"}],"predecessor-version":[{"id":307234,"href":"https:\/\/archive.sana.sy\/tr\/index.php?rest_route=\/wp\/v2\/posts\/307232\/revisions\/307234"}],"wp:featuredmedia":[{"embeddable":true,"href":"https:\/\/archive.sana.sy\/tr\/index.php?rest_route=\/wp\/v2\/media\/307233"}],"wp:attachment":[{"href":"https:\/\/archive.sana.sy\/tr\/index.php?rest_route=%2Fwp%2Fv2%2Fmedia&parent=307232"}],"wp:term":[{"taxonomy":"category","embeddable":true,"href":"https:\/\/archive.sana.sy\/tr\/index.php?rest_route=%2Fwp%2Fv2%2Fcategories&post=307232"},{"taxonomy":"post_tag","embeddable":true,"href":"https:\/\/archive.sana.sy\/tr\/index.php?rest_route=%2Fwp%2Fv2%2Ftags&post=307232"}],"curies":[{"name":"wp","href":"https:\/\/api.w.org\/{rel}","templated":true}]}}