{"id":307235,"date":"2024-08-23T23:29:20","date_gmt":"2024-08-23T20:29:20","guid":{"rendered":"https:\/\/sana.sy\/tr\/?p=307235"},"modified":"2024-08-25T12:25:27","modified_gmt":"2024-08-25T09:25:27","slug":"israilin-orta-bolgeye-yonelik-saldirganligi-sonucu-7-sivil-yaralandi","status":"publish","type":"post","link":"https:\/\/archive.sana.sy\/tr\/?p=307235","title":{"rendered":"\u0130srail&#8217;in Orta B\u00f6lgeye Y\u00f6nelik Sald\u0131rganl\u0131\u011f\u0131 Sonucu 7 Sivil Yaraland\u0131"},"content":{"rendered":"<p style=\"text-align: justify;\"><strong>\u0130\u015eGAL ED\u0130LEN KUD\u00dcS (SANA<\/strong>) &#8211;\u00a0 \u0130srail&#8217;in orta b\u00f6lgedeki bir\u00e7ok noktay\u0131 hedef alan sald\u0131rganl\u0131\u011f\u0131 sonucu 7 sivil yaraland\u0131. Hava savunma g\u00fc\u00e7lerimiz ise\u00a0 sald\u0131rganl\u0131\u011f\u0131n f\u00fczelerine kar\u015f\u0131 koyarak,\u00a0 bir k\u0131sm\u0131n\u0131 d\u00fc\u015f\u00fcrd\u00fc.<\/p>\n<p style=\"text-align: justify;\">Askeri bir kaynak \u015funlar\u0131 s\u00f6yledi: \u201cBu ak\u015fam saat 19.35 s\u0131ralar\u0131nda d\u00fc\u015fman \u0130srail, kuzey L\u00fcbnan y\u00f6n\u00fcnden, orta b\u00f6lgedeki baz\u0131 b\u00f6lgeleri hedef alan bir hava sald\u0131rganl\u0131\u011f\u0131 ba\u015flatt\u0131. Hava savunma g\u00fc\u00e7lerimiz sald\u0131rganl\u0131\u011f\u0131na f\u00fczelerine kar\u015f\u0131l\u0131k verdi ve bir k\u0131sm\u0131n\u0131 d\u00fc\u015f\u00fcrd\u00fc.\u2019\u2019<\/p>\n<p style=\"text-align: justify;\">Kaynak ayr\u0131ca, \u2018Sald\u0131rganl\u0131k \u201cyedi sivilin yaralanmas\u0131na ve maddi kay\u0131plara\u201d yol a\u00e7t\u0131\u2019\u2019 ifadelerini s\u00f6zlerine ekledi.<\/p>\n<p style=\"text-align: center;\"><strong><a href=\"https:\/\/t.me\/SuriyeArapHaberAjansI\">Telegram Kanal\u0131m\u0131z\u00a0<\/a>||<a href=\"https:\/\/twitter.com\/arap_ajans\">X Platformumuz\u00a0<\/a>||<a href=\"https:\/\/www.facebook.com\/SANAHaberAjansi\/\">Facebook Sayfam\u0131z<\/a><\/strong><\/p>\n","protected":false},"excerpt":{"rendered":"<p>\u0130\u015eGAL ED\u0130LEN KUD\u00dcS (SANA) &#8211;\u00a0 \u0130srail&#8217;in orta b\u00f6lgedeki bir\u00e7ok noktay\u0131 hedef alan sald\u0131rganl\u0131\u011f\u0131 sonucu 7 sivil yaraland\u0131. Hava savunma g\u00fc\u00e7lerimiz ise\u00a0 sald\u0131rganl\u0131\u011f\u0131n f\u00fczelerine kar\u015f\u0131 koyarak,\u00a0 bir k\u0131sm\u0131n\u0131 d\u00fc\u015f\u00fcrd\u00fc. Askeri bir kaynak \u015funlar\u0131 s\u00f6yledi: \u201cBu ak\u015fam saat 19.35 s\u0131ralar\u0131nda d\u00fc\u015fman \u0130srail, kuzey L\u00fcbnan y\u00f6n\u00fcnden, orta b\u00f6lgedeki baz\u0131 b\u00f6lgeleri hedef alan bir hava sald\u0131rganl\u0131\u011f\u0131 ba\u015flatt\u0131. Hava savunma &hellip;<\/p>\n","protected":false},"author":41,"featured_media":307236,"comment_status":"closed","ping_status":"closed","sticky":false,"template":"","format":"standard","meta":{"footnotes":""},"categories":[458,459,17988],"tags":[],"class_list":["post-307235","post","type-post","status-publish","format-standard","has-post-thumbnail","","category-dunya1","category-haberler-arap-uluslararasi-politika","category-son-haberler"],"_links":{"self":[{"href":"https:\/\/archive.sana.sy\/tr\/index.php?rest_route=\/wp\/v2\/posts\/307235","targetHints":{"allow":["GET"]}}],"collection":[{"href":"https:\/\/archive.sana.sy\/tr\/index.php?rest_route=\/wp\/v2\/posts"}],"about":[{"href":"https:\/\/archive.sana.sy\/tr\/index.php?rest_route=\/wp\/v2\/types\/post"}],"author":[{"embeddable":true,"href":"https:\/\/archive.sana.sy\/tr\/index.php?rest_route=\/wp\/v2\/users\/41"}],"replies":[{"embeddable":true,"href":"https:\/\/archive.sana.sy\/tr\/index.php?rest_route=%2Fwp%2Fv2%2Fcomments&post=307235"}],"version-history":[{"count":1,"href":"https:\/\/archive.sana.sy\/tr\/index.php?rest_route=\/wp\/v2\/posts\/307235\/revisions"}],"predecessor-version":[{"id":307237,"href":"https:\/\/archive.sana.sy\/tr\/index.php?rest_route=\/wp\/v2\/posts\/307235\/revisions\/307237"}],"wp:featuredmedia":[{"embeddable":true,"href":"https:\/\/archive.sana.sy\/tr\/index.php?rest_route=\/wp\/v2\/media\/307236"}],"wp:attachment":[{"href":"https:\/\/archive.sana.sy\/tr\/index.php?rest_route=%2Fwp%2Fv2%2Fmedia&parent=307235"}],"wp:term":[{"taxonomy":"category","embeddable":true,"href":"https:\/\/archive.sana.sy\/tr\/index.php?rest_route=%2Fwp%2Fv2%2Fcategories&post=307235"},{"taxonomy":"post_tag","embeddable":true,"href":"https:\/\/archive.sana.sy\/tr\/index.php?rest_route=%2Fwp%2Fv2%2Ftags&post=307235"}],"curies":[{"name":"wp","href":"https:\/\/api.w.org\/{rel}","templated":true}]}}