{"id":307238,"date":"2024-08-24T09:42:19","date_gmt":"2024-08-24T06:42:19","guid":{"rendered":"https:\/\/sana.sy\/tr\/?p=307238"},"modified":"2024-09-06T09:01:22","modified_gmt":"2024-09-06T06:01:22","slug":"isgalci-israilin-han-yunus-el-nuseyrati-bombalamasi-sonucu-12-sehit-ve-cok-sayida-yarali","status":"publish","type":"post","link":"https:\/\/archive.sana.sy\/tr\/?p=307238","title":{"rendered":"\u0130\u015fgalci \u0130srail&#8217;in Han Yunus Nuseyrat&#8217;\u0131 Bombalamas\u0131 Sonucu 12 \u015eehit Ve \u00c7ok Say\u0131da Yaral\u0131"},"content":{"rendered":"<p style=\"text-align: justify;\"><strong>\u0130\u015eGALC\u0130 \u0130SRA\u0130L (SANA)<\/strong> \u2013 \u0130\u015fgalci \u0130srail\u2019in bug\u00fcn \u015fafak vakti Han Yunus \u015fehrinin \u00e7e\u015fitli mahalleleri ile Nuseyrat kamp\u0131n\u0131n kuzeyini bombalamas\u0131 sonucu 12 Filistinli \u015fehit oldu, \u00e7ok say\u0131da ki\u015fi de yaraland\u0131.<\/p>\n<p style=\"text-align: justify;\">Filistin medyas\u0131, Han Yunus&#8217;un bat\u0131s\u0131ndaki El Amal mahallesindeki Okul Caddesi&#8217;nde bir evin i\u015fgalci taraf\u0131ndan bombalanmas\u0131 sonucu 2&#8217;si \u00e7ocuk ve 1&#8217;i kad\u0131n 9 Filistinlinin \u00f6ld\u00fc\u011f\u00fcn\u00fc, en az 15 ki\u015finin de yaraland\u0131\u011f\u0131n\u0131 bildirdi.<\/p>\n<p style=\"text-align: justify;\">\u0130srail&#8217;in, Curet El Lut&#8217;taki El Salam Caddesi civar\u0131 ile \u015fehrin g\u00fcney ve do\u011fusundaki El Tahlia b\u00f6lgesi \u00e7evresine \u0130srail top\u00e7u bombard\u0131man\u0131 sonucu \u00e7ok say\u0131da ki\u015fi yaraland\u0131.<\/p>\n<p style=\"text-align: justify;\">\u0130\u015fgal g\u00fc\u00e7lerinin Gazze&#8217;nin merkezindeki Nuseyrat kamp\u0131ndaki Ayn Calut Kuleleri&#8217;ndeki bir evi bombalamas\u0131 sonucu 3 Filistinli de \u015fehit oldu, di\u011ferleri de yaraland\u0131.<\/p>\n<p style=\"text-align: justify;\">D\u00fcn ak\u015fam, Gazze \u015eeridi&#8217;nin kuzeyinde yerle\u015fim birimlerine y\u00f6nelik i\u015fgal bombard\u0131man\u0131 sonucu 4 Filistinli hayat\u0131n\u0131 kaybetti.<\/p>\n<p style=\"text-align: justify;\">\u0130srail&#8217;in Gazze \u015eeridi&#8217;ne y\u00f6nelik sald\u0131r\u0131s\u0131n\u0131n ba\u015flamas\u0131ndan bu yana Gazze \u015eeridi&#8217;nde \u015fehit say\u0131s\u0131 40 bin 265&#8217;e, yaral\u0131 say\u0131s\u0131 ise 93 bin 144&#8217;e y\u00fckseldi. Baz\u0131 ma\u011fdurlar h\u00e2l\u00e2 enkaz alt\u0131nda, yol ve sokaklarda, ambulans ve sivil savunma ekipleri ise onlara ula\u015fam\u0131yor.<\/p>\n<p style=\"text-align: center;\"><strong><a href=\"https:\/\/t.me\/SuriyeArapHaberAjansI\">Telegram Kanal\u0131m\u0131z\u00a0<\/a>||<a href=\"https:\/\/twitter.com\/arap_ajans\">X Platformumuz\u00a0<\/a>||<a href=\"https:\/\/www.facebook.com\/SANAHaberAjansi\/\">Facebook Sayfam\u0131z<\/a><\/strong><\/p>\n","protected":false},"excerpt":{"rendered":"<p>\u0130\u015eGALC\u0130 \u0130SRA\u0130L (SANA) \u2013 \u0130\u015fgalci \u0130srail\u2019in bug\u00fcn \u015fafak vakti Han Yunus \u015fehrinin \u00e7e\u015fitli mahalleleri ile Nuseyrat kamp\u0131n\u0131n kuzeyini bombalamas\u0131 sonucu 12 Filistinli \u015fehit oldu, \u00e7ok say\u0131da ki\u015fi de yaraland\u0131. Filistin medyas\u0131, Han Yunus&#8217;un bat\u0131s\u0131ndaki El Amal mahallesindeki Okul Caddesi&#8217;nde bir evin i\u015fgalci taraf\u0131ndan bombalanmas\u0131 sonucu 2&#8217;si \u00e7ocuk ve 1&#8217;i kad\u0131n 9 Filistinlinin \u00f6ld\u00fc\u011f\u00fcn\u00fc, en az &hellip;<\/p>\n","protected":false},"author":41,"featured_media":307239,"comment_status":"closed","ping_status":"closed","sticky":false,"template":"","format":"standard","meta":{"footnotes":""},"categories":[458,459,17988],"tags":[40122,42229],"class_list":["post-307238","post","type-post","status-publish","format-standard","has-post-thumbnail","","category-dunya1","category-haberler-arap-uluslararasi-politika","category-son-haberler","tag-gazzede-son-durum","tag-isgalci-israilin-han-yunus-el-nuseyrati-bombalamasi-sonucu-12-sehit-ve-cok-sayida-yarali"],"_links":{"self":[{"href":"https:\/\/archive.sana.sy\/tr\/index.php?rest_route=\/wp\/v2\/posts\/307238","targetHints":{"allow":["GET"]}}],"collection":[{"href":"https:\/\/archive.sana.sy\/tr\/index.php?rest_route=\/wp\/v2\/posts"}],"about":[{"href":"https:\/\/archive.sana.sy\/tr\/index.php?rest_route=\/wp\/v2\/types\/post"}],"author":[{"embeddable":true,"href":"https:\/\/archive.sana.sy\/tr\/index.php?rest_route=\/wp\/v2\/users\/41"}],"replies":[{"embeddable":true,"href":"https:\/\/archive.sana.sy\/tr\/index.php?rest_route=%2Fwp%2Fv2%2Fcomments&post=307238"}],"version-history":[{"count":2,"href":"https:\/\/archive.sana.sy\/tr\/index.php?rest_route=\/wp\/v2\/posts\/307238\/revisions"}],"predecessor-version":[{"id":307245,"href":"https:\/\/archive.sana.sy\/tr\/index.php?rest_route=\/wp\/v2\/posts\/307238\/revisions\/307245"}],"wp:featuredmedia":[{"embeddable":true,"href":"https:\/\/archive.sana.sy\/tr\/index.php?rest_route=\/wp\/v2\/media\/307239"}],"wp:attachment":[{"href":"https:\/\/archive.sana.sy\/tr\/index.php?rest_route=%2Fwp%2Fv2%2Fmedia&parent=307238"}],"wp:term":[{"taxonomy":"category","embeddable":true,"href":"https:\/\/archive.sana.sy\/tr\/index.php?rest_route=%2Fwp%2Fv2%2Fcategories&post=307238"},{"taxonomy":"post_tag","embeddable":true,"href":"https:\/\/archive.sana.sy\/tr\/index.php?rest_route=%2Fwp%2Fv2%2Ftags&post=307238"}],"curies":[{"name":"wp","href":"https:\/\/api.w.org\/{rel}","templated":true}]}}