{"id":307246,"date":"2024-08-24T07:53:30","date_gmt":"2024-08-24T04:53:30","guid":{"rendered":"https:\/\/sana.sy\/tr\/?p=307246"},"modified":"2024-08-27T11:46:43","modified_gmt":"2024-08-27T08:46:43","slug":"cin-amerikayi-tayvanla-tum-resmi-iliskileri-derhal-durdurmaya-cagirdi","status":"publish","type":"post","link":"https:\/\/archive.sana.sy\/tr\/?p=307246","title":{"rendered":"\u00c7in, Amerika&#8217;y\u0131 Tayvan&#8217;la T\u00fcm Resmi \u0130li\u015fkileri Derhal Durdurmaya \u00c7a\u011f\u0131rd\u0131"},"content":{"rendered":"<p style=\"text-align: justify;\"><strong>PEK\u0130N (SANA)<\/strong> &#8211;\u00a0 \u00c7in, Amerika Birle\u015fik Devletleri&#8217;ne Tayvan&#8217;la t\u00fcm resmi ili\u015fkileri derhal durdurmas\u0131 \u00e7a\u011fr\u0131s\u0131nda bulunarak, bu konunun \u00c7in-Amerikan ili\u015fkilerindeki &#8220;ilk k\u0131rm\u0131z\u0131 \u00e7izgi&#8221; oldu\u011funu vurgulad\u0131.<\/p>\n<p style=\"text-align: justify;\">TASS haber ajans\u0131, Va\u015fington&#8217;daki \u00c7in b\u00fcy\u00fckel\u00e7ili\u011fi s\u00f6zc\u00fcs\u00fc Liu Bingyu&#8217;nun \u00c7in&#8217;in &#8220;ABD ile Tayvan aras\u0131nda her t\u00fcrl\u00fc resmi i\u015fbirli\u011fine kategorik olarak kar\u015f\u0131 oldu\u011funu&#8221; do\u011frulad\u0131\u011f\u0131n\u0131 aktard\u0131.<\/p>\n<p style=\"text-align: justify;\">Bingyu ayr\u0131ca, &#8220;Tayvan meselesinin \u00c7in&#8217;in \u00e7\u0131karlar\u0131n\u0131n merkezinde yer ald\u0131\u011f\u0131n\u0131 ve \u00c7in-Amerikan ili\u015fkilerindeki ilk k\u0131rm\u0131z\u0131 \u00e7izgiyi temsil etti\u011fini&#8221; vurgulad\u0131.<\/p>\n<p style=\"text-align: center;\"><strong><a href=\"https:\/\/t.me\/SuriyeArapHaberAjansI\">Telegram Kanal\u0131m\u0131z\u00a0<\/a>||<a href=\"https:\/\/twitter.com\/arap_ajans\">X Platformumuz\u00a0<\/a>||<a href=\"https:\/\/www.facebook.com\/SANAHaberAjansi\/\">Facebook Sayfam\u0131z<\/a><\/strong><\/p>\n","protected":false},"excerpt":{"rendered":"<p>PEK\u0130N (SANA) &#8211;\u00a0 \u00c7in, Amerika Birle\u015fik Devletleri&#8217;ne Tayvan&#8217;la t\u00fcm resmi ili\u015fkileri derhal durdurmas\u0131 \u00e7a\u011fr\u0131s\u0131nda bulunarak, bu konunun \u00c7in-Amerikan ili\u015fkilerindeki &#8220;ilk k\u0131rm\u0131z\u0131 \u00e7izgi&#8221; oldu\u011funu vurgulad\u0131. TASS haber ajans\u0131, Va\u015fington&#8217;daki \u00c7in b\u00fcy\u00fckel\u00e7ili\u011fi s\u00f6zc\u00fcs\u00fc Liu Bingyu&#8217;nun \u00c7in&#8217;in &#8220;ABD ile Tayvan aras\u0131nda her t\u00fcrl\u00fc resmi i\u015fbirli\u011fine kategorik olarak kar\u015f\u0131 oldu\u011funu&#8221; do\u011frulad\u0131\u011f\u0131n\u0131 aktard\u0131. Bingyu ayr\u0131ca, &#8220;Tayvan meselesinin \u00c7in&#8217;in \u00e7\u0131karlar\u0131n\u0131n merkezinde &hellip;<\/p>\n","protected":false},"author":41,"featured_media":307247,"comment_status":"closed","ping_status":"closed","sticky":false,"template":"","format":"standard","meta":{"footnotes":""},"categories":[458,459,17988],"tags":[42230],"class_list":["post-307246","post","type-post","status-publish","format-standard","has-post-thumbnail","","category-dunya1","category-haberler-arap-uluslararasi-politika","category-son-haberler","tag-pekin-ve-tayvan"],"_links":{"self":[{"href":"https:\/\/archive.sana.sy\/tr\/index.php?rest_route=\/wp\/v2\/posts\/307246","targetHints":{"allow":["GET"]}}],"collection":[{"href":"https:\/\/archive.sana.sy\/tr\/index.php?rest_route=\/wp\/v2\/posts"}],"about":[{"href":"https:\/\/archive.sana.sy\/tr\/index.php?rest_route=\/wp\/v2\/types\/post"}],"author":[{"embeddable":true,"href":"https:\/\/archive.sana.sy\/tr\/index.php?rest_route=\/wp\/v2\/users\/41"}],"replies":[{"embeddable":true,"href":"https:\/\/archive.sana.sy\/tr\/index.php?rest_route=%2Fwp%2Fv2%2Fcomments&post=307246"}],"version-history":[{"count":3,"href":"https:\/\/archive.sana.sy\/tr\/index.php?rest_route=\/wp\/v2\/posts\/307246\/revisions"}],"predecessor-version":[{"id":307250,"href":"https:\/\/archive.sana.sy\/tr\/index.php?rest_route=\/wp\/v2\/posts\/307246\/revisions\/307250"}],"wp:featuredmedia":[{"embeddable":true,"href":"https:\/\/archive.sana.sy\/tr\/index.php?rest_route=\/wp\/v2\/media\/307247"}],"wp:attachment":[{"href":"https:\/\/archive.sana.sy\/tr\/index.php?rest_route=%2Fwp%2Fv2%2Fmedia&parent=307246"}],"wp:term":[{"taxonomy":"category","embeddable":true,"href":"https:\/\/archive.sana.sy\/tr\/index.php?rest_route=%2Fwp%2Fv2%2Fcategories&post=307246"},{"taxonomy":"post_tag","embeddable":true,"href":"https:\/\/archive.sana.sy\/tr\/index.php?rest_route=%2Fwp%2Fv2%2Ftags&post=307246"}],"curies":[{"name":"wp","href":"https:\/\/api.w.org\/{rel}","templated":true}]}}