{"id":307252,"date":"2024-08-24T16:36:37","date_gmt":"2024-08-24T13:36:37","guid":{"rendered":"https:\/\/sana.sy\/tr\/?p=307252"},"modified":"2024-08-27T11:43:23","modified_gmt":"2024-08-27T08:43:23","slug":"gazze-seridindeki-isgal-katliamlarinda-son-24-saatte-69-sehit","status":"publish","type":"post","link":"https:\/\/archive.sana.sy\/tr\/?p=307252","title":{"rendered":"Gazze \u015eeridi&#8217;ndeki \u0130\u015fgal Katliamlar\u0131nda son 24 Saatte 69 \u015eehit"},"content":{"rendered":"<p style=\"text-align: justify;\"><strong>\u0130\u015eGAL ED\u0130LEN KUD\u00dcS (SANA)<\/strong> &#8211;\u00a0 Filistin Sa\u011fl\u0131k Bakanl\u0131\u011f\u0131, i\u015fgalci \u0130srail\u2019in Gazze \u015eeridi&#8217;nde son 24 saatte 5 katliam ger\u00e7ekle\u015ftirdi\u011fini, bunlar\u0131n 69&#8217;unun \u015fehit, 212 yaral\u0131n\u0131n hastanelere ula\u015ft\u0131\u011f\u0131n\u0131 duyurdu.<\/p>\n<p style=\"text-align: justify;\">Bakanl\u0131k bug\u00fcn yapt\u0131\u011f\u0131 a\u00e7\u0131klamada \u015funlar\u0131 s\u00f6yledi: \u2018\u2019Gazze \u015eeridi&#8217;nde 323&#8217;\u00fcnc\u00fc g\u00fcn\u00fcnde devam eden i\u015fgal sald\u0131r\u0131s\u0131n\u0131n kurbanlar\u0131n\u0131n say\u0131s\u0131 40 bin 334 \u015fehit ve 93 bin 356 yaral\u0131ya y\u00fckseldi. Baz\u0131 ma\u011fdurlar h\u00e2l\u00e2 enkaz alt\u0131nda ve yollardayken, ambulans ve sivil savunma ekipleri onlara ula\u015fam\u0131yor.\u2019\u2019<\/p>\n<p style=\"text-align: justify;\">\u0130\u015fgalcilerin bug\u00fcn \u015fafak vaktinden itibaren orta ve g\u00fcney Gazze \u015eeridi&#8217;ni bombalamas\u0131 sonucu 37 Filistinli \u015fehit oldu.<\/p>\n<p style=\"text-align: center;\"><strong><a href=\"https:\/\/t.me\/SuriyeArapHaberAjansI\">Telegram Kanal\u0131m\u0131z\u00a0<\/a>||<a href=\"https:\/\/twitter.com\/arap_ajans\">X Platformumuz\u00a0<\/a>||<a href=\"https:\/\/www.facebook.com\/SANAHaberAjansi\/\">Facebook Sayfam\u0131z<\/a><\/strong><\/p>\n","protected":false},"excerpt":{"rendered":"<p>\u0130\u015eGAL ED\u0130LEN KUD\u00dcS (SANA) &#8211;\u00a0 Filistin Sa\u011fl\u0131k Bakanl\u0131\u011f\u0131, i\u015fgalci \u0130srail\u2019in Gazze \u015eeridi&#8217;nde son 24 saatte 5 katliam ger\u00e7ekle\u015ftirdi\u011fini, bunlar\u0131n 69&#8217;unun \u015fehit, 212 yaral\u0131n\u0131n hastanelere ula\u015ft\u0131\u011f\u0131n\u0131 duyurdu. Bakanl\u0131k bug\u00fcn yapt\u0131\u011f\u0131 a\u00e7\u0131klamada \u015funlar\u0131 s\u00f6yledi: \u2018\u2019Gazze \u015eeridi&#8217;nde 323&#8217;\u00fcnc\u00fc g\u00fcn\u00fcnde devam eden i\u015fgal sald\u0131r\u0131s\u0131n\u0131n kurbanlar\u0131n\u0131n say\u0131s\u0131 40 bin 334 \u015fehit ve 93 bin 356 yaral\u0131ya y\u00fckseldi. Baz\u0131 ma\u011fdurlar h\u00e2l\u00e2 &hellip;<\/p>\n","protected":false},"author":41,"featured_media":307253,"comment_status":"closed","ping_status":"closed","sticky":false,"template":"","format":"standard","meta":{"footnotes":""},"categories":[458,459,17988],"tags":[42231],"class_list":["post-307252","post","type-post","status-publish","format-standard","has-post-thumbnail","","category-dunya1","category-haberler-arap-uluslararasi-politika","category-son-haberler","tag-gazze-seridindeki-isgal-katliamlarinda-son-24-saatte-69-sehit"],"_links":{"self":[{"href":"https:\/\/archive.sana.sy\/tr\/index.php?rest_route=\/wp\/v2\/posts\/307252","targetHints":{"allow":["GET"]}}],"collection":[{"href":"https:\/\/archive.sana.sy\/tr\/index.php?rest_route=\/wp\/v2\/posts"}],"about":[{"href":"https:\/\/archive.sana.sy\/tr\/index.php?rest_route=\/wp\/v2\/types\/post"}],"author":[{"embeddable":true,"href":"https:\/\/archive.sana.sy\/tr\/index.php?rest_route=\/wp\/v2\/users\/41"}],"replies":[{"embeddable":true,"href":"https:\/\/archive.sana.sy\/tr\/index.php?rest_route=%2Fwp%2Fv2%2Fcomments&post=307252"}],"version-history":[{"count":1,"href":"https:\/\/archive.sana.sy\/tr\/index.php?rest_route=\/wp\/v2\/posts\/307252\/revisions"}],"predecessor-version":[{"id":307254,"href":"https:\/\/archive.sana.sy\/tr\/index.php?rest_route=\/wp\/v2\/posts\/307252\/revisions\/307254"}],"wp:featuredmedia":[{"embeddable":true,"href":"https:\/\/archive.sana.sy\/tr\/index.php?rest_route=\/wp\/v2\/media\/307253"}],"wp:attachment":[{"href":"https:\/\/archive.sana.sy\/tr\/index.php?rest_route=%2Fwp%2Fv2%2Fmedia&parent=307252"}],"wp:term":[{"taxonomy":"category","embeddable":true,"href":"https:\/\/archive.sana.sy\/tr\/index.php?rest_route=%2Fwp%2Fv2%2Fcategories&post=307252"},{"taxonomy":"post_tag","embeddable":true,"href":"https:\/\/archive.sana.sy\/tr\/index.php?rest_route=%2Fwp%2Fv2%2Ftags&post=307252"}],"curies":[{"name":"wp","href":"https:\/\/api.w.org\/{rel}","templated":true}]}}