{"id":30726,"date":"2015-04-23T14:44:45","date_gmt":"2015-04-23T11:44:45","guid":{"rendered":"http:\/\/www.sana.sy\/tr\/?p=30726"},"modified":"2015-04-23T14:44:45","modified_gmt":"2015-04-23T11:44:45","slug":"hasekede-karaborsada-satilmasi-planlanan-mazot-yakalandi","status":"publish","type":"post","link":"https:\/\/archive.sana.sy\/tr\/?p=30726","title":{"rendered":"Haseke\u2019de Karaborsada Sat\u0131lmas\u0131 Planlanan Mazot Yakaland\u0131"},"content":{"rendered":"<p>HASEKE \u2013 \u0130\u00e7 Ticaret ve T\u00fcketiciyi Koruma \u0130l M\u00fcd\u00fcrl\u00fc\u011f\u00fc g\u00fcvenlik g\u00fc\u00e7leriyle i\u015fbirli\u011fi i\u00e7inde Haseke Kentinde karaborsada y\u00fcksek fiyatlarla sat\u0131lmas\u0131 planlanan 3 tanker mazot ele ge\u00e7irdi.<\/p>\n<p>\u0130\u00e7 Ticaret ve T\u00fcketiciyi Koruma \u0130l M\u00fcd\u00fcrl\u00fc\u011f\u00fcnde T\u00fcketiciyi Koruma Departman\u0131 \u015fefi Hammad Abdullah SANA\u2019ya a\u00e7\u0131klamas\u0131nda; 3 tankerde bulunan 15 bin litre mazota el koyulup \u015fah\u0131slar\u0131n mahkemeye sevk edildiklerini s\u00f6yledi.<\/p>\n<p>A.A.<\/p>\n","protected":false},"excerpt":{"rendered":"<p>HASEKE \u2013 \u0130\u00e7 Ticaret ve T\u00fcketiciyi Koruma \u0130l M\u00fcd\u00fcrl\u00fc\u011f\u00fc g\u00fcvenlik g\u00fc\u00e7leriyle i\u015fbirli\u011fi i\u00e7inde Haseke Kentinde karaborsada y\u00fcksek fiyatlarla sat\u0131lmas\u0131 planlanan 3 tanker mazot ele ge\u00e7irdi. \u0130\u00e7 Ticaret ve T\u00fcketiciyi Koruma \u0130l M\u00fcd\u00fcrl\u00fc\u011f\u00fcnde T\u00fcketiciyi Koruma Departman\u0131 \u015fefi Hammad Abdullah SANA\u2019ya a\u00e7\u0131klamas\u0131nda; 3 tankerde bulunan 15 bin litre mazota el koyulup \u015fah\u0131slar\u0131n mahkemeye sevk edildiklerini s\u00f6yledi. A.A.<\/p>\n","protected":false},"author":1,"featured_media":30727,"comment_status":"closed","ping_status":"closed","sticky":false,"template":"","format":"standard","meta":{"footnotes":""},"categories":[485,486],"tags":[13977],"class_list":["post-30726","post","type-post","status-publish","format-standard","has-post-thumbnail","","category-is-ve-sermaye","category-haberler-is-ve-sermaye","tag-hasekede-karaborsada-satilmasi-planlanan-mazot-yakalandi"],"_links":{"self":[{"href":"https:\/\/archive.sana.sy\/tr\/index.php?rest_route=\/wp\/v2\/posts\/30726","targetHints":{"allow":["GET"]}}],"collection":[{"href":"https:\/\/archive.sana.sy\/tr\/index.php?rest_route=\/wp\/v2\/posts"}],"about":[{"href":"https:\/\/archive.sana.sy\/tr\/index.php?rest_route=\/wp\/v2\/types\/post"}],"author":[{"embeddable":true,"href":"https:\/\/archive.sana.sy\/tr\/index.php?rest_route=\/wp\/v2\/users\/1"}],"replies":[{"embeddable":true,"href":"https:\/\/archive.sana.sy\/tr\/index.php?rest_route=%2Fwp%2Fv2%2Fcomments&post=30726"}],"version-history":[{"count":0,"href":"https:\/\/archive.sana.sy\/tr\/index.php?rest_route=\/wp\/v2\/posts\/30726\/revisions"}],"wp:featuredmedia":[{"embeddable":true,"href":"https:\/\/archive.sana.sy\/tr\/index.php?rest_route=\/wp\/v2\/media\/30727"}],"wp:attachment":[{"href":"https:\/\/archive.sana.sy\/tr\/index.php?rest_route=%2Fwp%2Fv2%2Fmedia&parent=30726"}],"wp:term":[{"taxonomy":"category","embeddable":true,"href":"https:\/\/archive.sana.sy\/tr\/index.php?rest_route=%2Fwp%2Fv2%2Fcategories&post=30726"},{"taxonomy":"post_tag","embeddable":true,"href":"https:\/\/archive.sana.sy\/tr\/index.php?rest_route=%2Fwp%2Fv2%2Ftags&post=30726"}],"curies":[{"name":"wp","href":"https:\/\/api.w.org\/{rel}","templated":true}]}}