{"id":307266,"date":"2024-08-24T06:08:37","date_gmt":"2024-08-24T03:08:37","guid":{"rendered":"https:\/\/sana.sy\/tr\/?p=307266"},"modified":"2024-08-27T11:46:43","modified_gmt":"2024-08-27T08:46:43","slug":"lubnan-direnisi-bircok-noktada-israil-dusman-kuvvetlerini-hedef-aldi","status":"publish","type":"post","link":"https:\/\/archive.sana.sy\/tr\/?p=307266","title":{"rendered":"L\u00fcbnan Direni\u015fi Bir\u00e7ok Noktada \u0130srail D\u00fc\u015fman Kuvvetlerini Hedef Ald\u0131"},"content":{"rendered":"<p style=\"text-align: justify;\"><strong>BEYRUT (SANA)<\/strong> &#8211; \u00a0L\u00fcbnan Direni\u015fi bug\u00fcn, \u0130srail d\u00fc\u015fman kuvvetlerini bir\u00e7ok noktada hedef alarak do\u011frudan isabetler elde etti\u011fini duyurdu.<\/p>\n<p style=\"text-align: justify;\">Direni\u015f yapt\u0131\u011f\u0131 a\u00e7\u0131klamada \u015funlar\u0131 s\u00f6yledi: \u2018\u2019Gazze \u015eeridi&#8217;ndeki kararl\u0131 Filistin halk\u0131m\u0131z\u0131 ve onlar\u0131n yi\u011fit ve onurlu direni\u015fini desteklemek amac\u0131yla, sava\u015f\u00e7\u0131lar\u0131m\u0131z bug\u00fcn bir sald\u0131r\u0131 \u00e7emberinde Harmon b\u00f6lgesindeki d\u00fc\u015fman askerlerinin bir mevzisini hedef ald\u0131 ve do\u011frudan isabet elde etti.\u2019\u2019<\/p>\n<p style=\"text-align: justify;\">Di\u011fer a\u00e7\u0131klamalarda direni\u015f, top mermileri ve sald\u0131r\u0131 helikopteri ile Raheb sahas\u0131ndaki casus ekipmanlar\u0131n\u0131 hedef ald\u0131\u011f\u0131n\u0131 ve ayr\u0131ca Miskvam sahas\u0131 yak\u0131nlar\u0131na konu\u015flanm\u0131\u015f d\u00fc\u015fman askerlerini uygun silahlarla hedef ald\u0131\u011f\u0131n\u0131 duyurdu.<\/p>\n<p style=\"text-align: justify;\">Direni\u015f ayr\u0131ca, Ya&#8217;ra K\u0131\u015flas\u0131&#8217;n\u0131n g\u00fcneyinde yeni olu\u015fturulan Bat\u0131 Tugay\u0131&#8217;n\u0131n kararg\u00e2h\u0131na sald\u0131r\u0131 y\u00fcr\u00fcy\u00fc\u015f\u00fcyle \u200b\u200bhava sald\u0131r\u0131s\u0131 d\u00fczenleyerek, d\u00fc\u015fman subay ve askerlerinin bulundu\u011fu yerleri hedef ald\u0131. Ayr\u0131ca Hadab Yaron mevkii civar\u0131ndaki d\u00fc\u015fman askerlerini de top mermileriyle hedef alarak do\u011frudan vurdu.<\/p>\n<p style=\"text-align: center;\"><strong><a href=\"https:\/\/t.me\/SuriyeArapHaberAjansI\">Telegram Kanal\u0131m\u0131z\u00a0<\/a>||<a href=\"https:\/\/twitter.com\/arap_ajans\">X Platformumuz\u00a0<\/a>||<a href=\"https:\/\/www.facebook.com\/SANAHaberAjansi\/\">Facebook Sayfam\u0131z<\/a><\/strong><\/p>\n","protected":false},"excerpt":{"rendered":"<p>BEYRUT (SANA) &#8211; \u00a0L\u00fcbnan Direni\u015fi bug\u00fcn, \u0130srail d\u00fc\u015fman kuvvetlerini bir\u00e7ok noktada hedef alarak do\u011frudan isabetler elde etti\u011fini duyurdu. Direni\u015f yapt\u0131\u011f\u0131 a\u00e7\u0131klamada \u015funlar\u0131 s\u00f6yledi: \u2018\u2019Gazze \u015eeridi&#8217;ndeki kararl\u0131 Filistin halk\u0131m\u0131z\u0131 ve onlar\u0131n yi\u011fit ve onurlu direni\u015fini desteklemek amac\u0131yla, sava\u015f\u00e7\u0131lar\u0131m\u0131z bug\u00fcn bir sald\u0131r\u0131 \u00e7emberinde Harmon b\u00f6lgesindeki d\u00fc\u015fman askerlerinin bir mevzisini hedef ald\u0131 ve do\u011frudan isabet elde etti.\u2019\u2019 Di\u011fer &hellip;<\/p>\n","protected":false},"author":41,"featured_media":307267,"comment_status":"closed","ping_status":"closed","sticky":false,"template":"","format":"standard","meta":{"footnotes":""},"categories":[458,459,17988],"tags":[42237],"class_list":["post-307266","post","type-post","status-publish","format-standard","has-post-thumbnail","","category-dunya1","category-haberler-arap-uluslararasi-politika","category-son-haberler","tag-lubnan-direnisi-bircok-noktada-israil-dusman-kuvvetlerini-hedef-aldi"],"_links":{"self":[{"href":"https:\/\/archive.sana.sy\/tr\/index.php?rest_route=\/wp\/v2\/posts\/307266","targetHints":{"allow":["GET"]}}],"collection":[{"href":"https:\/\/archive.sana.sy\/tr\/index.php?rest_route=\/wp\/v2\/posts"}],"about":[{"href":"https:\/\/archive.sana.sy\/tr\/index.php?rest_route=\/wp\/v2\/types\/post"}],"author":[{"embeddable":true,"href":"https:\/\/archive.sana.sy\/tr\/index.php?rest_route=\/wp\/v2\/users\/41"}],"replies":[{"embeddable":true,"href":"https:\/\/archive.sana.sy\/tr\/index.php?rest_route=%2Fwp%2Fv2%2Fcomments&post=307266"}],"version-history":[{"count":4,"href":"https:\/\/archive.sana.sy\/tr\/index.php?rest_route=\/wp\/v2\/posts\/307266\/revisions"}],"predecessor-version":[{"id":307271,"href":"https:\/\/archive.sana.sy\/tr\/index.php?rest_route=\/wp\/v2\/posts\/307266\/revisions\/307271"}],"wp:featuredmedia":[{"embeddable":true,"href":"https:\/\/archive.sana.sy\/tr\/index.php?rest_route=\/wp\/v2\/media\/307267"}],"wp:attachment":[{"href":"https:\/\/archive.sana.sy\/tr\/index.php?rest_route=%2Fwp%2Fv2%2Fmedia&parent=307266"}],"wp:term":[{"taxonomy":"category","embeddable":true,"href":"https:\/\/archive.sana.sy\/tr\/index.php?rest_route=%2Fwp%2Fv2%2Fcategories&post=307266"},{"taxonomy":"post_tag","embeddable":true,"href":"https:\/\/archive.sana.sy\/tr\/index.php?rest_route=%2Fwp%2Fv2%2Ftags&post=307266"}],"curies":[{"name":"wp","href":"https:\/\/api.w.org\/{rel}","templated":true}]}}