{"id":307276,"date":"2024-08-25T09:56:31","date_gmt":"2024-08-25T06:56:31","guid":{"rendered":"https:\/\/sana.sy\/tr\/?p=307276"},"modified":"2024-08-27T11:43:41","modified_gmt":"2024-08-27T08:43:41","slug":"guney-banliyolerine-yonelik-saldirganligina-yanit-olarak-lubnan-direnisi-isgal-edilen-topraklardaki-dusman-israil-mevzilerine-buyuk-bir-saldiri-baslatti","status":"publish","type":"post","link":"https:\/\/archive.sana.sy\/tr\/?p=307276","title":{"rendered":"G\u00fcney Banliy\u00f6lerine Y\u00f6nelik Sald\u0131rganl\u0131\u011f\u0131na Yan\u0131t Olarak&#8230;. L\u00fcbnan Direni\u015fi, \u0130\u015fgal Edilen Topraklardaki D\u00fc\u015fman \u0130srail Mevzilerine B\u00fcy\u00fck Bir Sald\u0131r\u0131 Ba\u015flatt\u0131"},"content":{"rendered":"<p style=\"text-align: justify;\"><strong>BEYRUT (SANA) \u2013<\/strong> L\u00fcbnan direni\u015fi, i\u015fgal edilen Filistin&#8217;in kuzeyindeki bir\u00e7ok i\u015fgalci \u0130srail&#8217;in b\u00f6lgesini, k\u0131\u015flas\u0131n\u0131 ve Demir Kubbe platformlar\u0131n\u0131 hedef alan \u00e7ok say\u0131da insans\u0131z hava arac\u0131 ve f\u00fczeyle b\u00fcy\u00fck bir sald\u0131r\u0131 ba\u015flatt\u0131.<\/p>\n<p style=\"text-align: justify;\">Direni\u015f, yapt\u0131\u011f\u0131 a\u00e7\u0131klamada, bu sald\u0131r\u0131n\u0131n, Beyrut&#8217;un g\u00fcney banliy\u00f6s\u00fcnde direni\u015f lideri Fuad \u015e\u00fck\u00fcr ile \u00e7ok say\u0131da kad\u0131n ve \u00e7ocu\u011fun \u015fehit olmas\u0131na yol a\u00e7an ac\u0131mas\u0131z Siyonist sald\u0131r\u0131s\u0131na verilen ilk tepki \u00e7er\u00e7evesinde ger\u00e7ekle\u015fti\u011fini belirtti.<\/p>\n<p style=\"text-align: justify;\">Direni\u015f, sald\u0131r\u0131n\u0131n ilk a\u015famas\u0131 olan \u0130srail k\u0131\u015flalar\u0131n\u0131n ve mevzilerinin hedef al\u0131narak, h\u00fcc\u00fcm \u0130HA&#8217;lar\u0131n\u0131n varl\u0131\u011f\u0131n derinliklerindeki istenilen hedefe do\u011fru ge\u00e7i\u015fini kolayla\u015ft\u0131rmak amac\u0131yla ba\u015far\u0131yla tamamland\u0131\u011f\u0131n\u0131 ve \u0130HA&#8217;lar\u0131n planland\u0131\u011f\u0131 gibi ge\u00e7ildi\u011fini a\u00e7\u0131klad\u0131.<\/p>\n<p style=\"text-align: justify;\">Direni\u015f, \u015fu ana kadar d\u00fc\u015fman mevzilerine f\u0131rlat\u0131lan Katyu\u015fa f\u00fczeylerinin say\u0131s\u0131n\u0131n 320&#8217;yi a\u015ft\u0131\u011f\u0131n\u0131 vurgulayarak, Suriye&#8217;nin i\u015fgal edilen Golan b\u00f6lgesindeki Merun, Caatun, El Sahel, Eyn Zeytim, Ramut Naftali, Neve Ziv ve Zaoura b\u00f6lgeleri ile Keyla, Yoav, Nafah ve Yarden k\u0131\u015flalar\u0131n\u0131n hedef al\u0131nd\u0131\u011f\u0131na dikkat \u00e7ekti.<\/p>\n<p style=\"text-align: justify;\">Direni\u015f, yapt\u0131\u011f\u0131 a\u00e7\u0131klamas\u0131nda, haz\u0131rl\u0131\u011f\u0131n\u0131n en \u00fcst d\u00fczeyde oldu\u011funu ve g\u00fc\u00e7l\u00fc bir \u015fekilde duraca\u011f\u0131n\u0131 ve herhangi bir Siyonist ihlal veya sald\u0131r\u0131ya kar\u015f\u0131 tetikte olaca\u011f\u0131n\u0131, \u00f6zellikle de sivillerin zarar g\u00f6rmesi halinde, cezan\u0131n a\u011f\u0131r ve \u00e7ok sert olaca\u011f\u0131n\u0131 vurgulad\u0131.<\/p>\n<p style=\"text-align: center;\"><strong><a href=\"https:\/\/t.me\/SuriyeArapHaberAjansI\">Telegram Kanal\u0131m\u0131z\u00a0<\/a>||<a href=\"https:\/\/twitter.com\/arap_ajans\">X Platformumuz\u00a0<\/a>||<a href=\"https:\/\/www.facebook.com\/SANAHaberAjansi\/\">Facebook Sayfam\u0131z<\/a><\/strong><\/p>\n","protected":false},"excerpt":{"rendered":"<p>BEYRUT (SANA) \u2013 L\u00fcbnan direni\u015fi, i\u015fgal edilen Filistin&#8217;in kuzeyindeki bir\u00e7ok i\u015fgalci \u0130srail&#8217;in b\u00f6lgesini, k\u0131\u015flas\u0131n\u0131 ve Demir Kubbe platformlar\u0131n\u0131 hedef alan \u00e7ok say\u0131da insans\u0131z hava arac\u0131 ve f\u00fczeyle b\u00fcy\u00fck bir sald\u0131r\u0131 ba\u015flatt\u0131. Direni\u015f, yapt\u0131\u011f\u0131 a\u00e7\u0131klamada, bu sald\u0131r\u0131n\u0131n, Beyrut&#8217;un g\u00fcney banliy\u00f6s\u00fcnde direni\u015f lideri Fuad \u015e\u00fck\u00fcr ile \u00e7ok say\u0131da kad\u0131n ve \u00e7ocu\u011fun \u015fehit olmas\u0131na yol a\u00e7an ac\u0131mas\u0131z Siyonist &hellip;<\/p>\n","protected":false},"author":39,"featured_media":307277,"comment_status":"closed","ping_status":"closed","sticky":false,"template":"","format":"standard","meta":{"footnotes":""},"categories":[458,459,17988],"tags":[],"class_list":["post-307276","post","type-post","status-publish","format-standard","has-post-thumbnail","","category-dunya1","category-haberler-arap-uluslararasi-politika","category-son-haberler"],"_links":{"self":[{"href":"https:\/\/archive.sana.sy\/tr\/index.php?rest_route=\/wp\/v2\/posts\/307276","targetHints":{"allow":["GET"]}}],"collection":[{"href":"https:\/\/archive.sana.sy\/tr\/index.php?rest_route=\/wp\/v2\/posts"}],"about":[{"href":"https:\/\/archive.sana.sy\/tr\/index.php?rest_route=\/wp\/v2\/types\/post"}],"author":[{"embeddable":true,"href":"https:\/\/archive.sana.sy\/tr\/index.php?rest_route=\/wp\/v2\/users\/39"}],"replies":[{"embeddable":true,"href":"https:\/\/archive.sana.sy\/tr\/index.php?rest_route=%2Fwp%2Fv2%2Fcomments&post=307276"}],"version-history":[{"count":2,"href":"https:\/\/archive.sana.sy\/tr\/index.php?rest_route=\/wp\/v2\/posts\/307276\/revisions"}],"predecessor-version":[{"id":307279,"href":"https:\/\/archive.sana.sy\/tr\/index.php?rest_route=\/wp\/v2\/posts\/307276\/revisions\/307279"}],"wp:featuredmedia":[{"embeddable":true,"href":"https:\/\/archive.sana.sy\/tr\/index.php?rest_route=\/wp\/v2\/media\/307277"}],"wp:attachment":[{"href":"https:\/\/archive.sana.sy\/tr\/index.php?rest_route=%2Fwp%2Fv2%2Fmedia&parent=307276"}],"wp:term":[{"taxonomy":"category","embeddable":true,"href":"https:\/\/archive.sana.sy\/tr\/index.php?rest_route=%2Fwp%2Fv2%2Fcategories&post=307276"},{"taxonomy":"post_tag","embeddable":true,"href":"https:\/\/archive.sana.sy\/tr\/index.php?rest_route=%2Fwp%2Fv2%2Ftags&post=307276"}],"curies":[{"name":"wp","href":"https:\/\/api.w.org\/{rel}","templated":true}]}}