{"id":307283,"date":"2024-08-25T11:31:12","date_gmt":"2024-08-25T08:31:12","guid":{"rendered":"https:\/\/sana.sy\/tr\/?p=307283"},"modified":"2024-08-26T10:05:35","modified_gmt":"2024-08-26T07:05:35","slug":"aksa-tufani-operasyonu-bugunun-en-one-cikan-gelismeleri-233","status":"publish","type":"post","link":"https:\/\/archive.sana.sy\/tr\/?p=307283","title":{"rendered":"Aksa Tufan\u0131 Operasyonu\u2026 Bug\u00fcn\u00fcn En \u00d6ne \u00c7\u0131kan Geli\u015fmeleri"},"content":{"rendered":"<p style=\"text-align: justify;\"><strong>\u0130\u015eGAL ED\u0130LEN KUD\u00dcS (SANA)<\/strong>\u00a0\u2013\u00a0Filistin direni\u015finin i\u015fgalci \u0130srail\u2019in sald\u0131rganl\u0131\u011f\u0131na yan\u0131t olarak 7 Ekim\u2019de ba\u015flatt\u0131\u011f\u0131 Aksa Tufan\u0131 Operasyonu\u2019nda \u00f6ne \u00e7\u0131kan geli\u015fmeler:<\/p>\n<ul style=\"text-align: justify;\">\n<li>Filistin medyas\u0131: \u0130srail&#8217;in Gazze \u015fehrinin kuzeyinde bir evi bombalamas\u0131 sonucu \u00e7ok say\u0131da \u015fehit ve yaral\u0131 var.<\/li>\n<li>Filistin medyas\u0131: i\u015fgalci \u0130srail&#8217;in Gazze \u015eeridi&#8217;nin merkezindeki Bureij kav\u015fa\u011f\u0131nda bir grup Filistinliyi bombalamas\u0131 sonucu 1 \u015fehit ve biri \u00e7ocuk 4 ki\u015fi yaraland\u0131.<\/li>\n<li>D\u00fc\u015fman \u0130srail&#8217;in Deyr El Balah&#8217;\u0131 bombalamas\u0131nda 6 \u015fehit ve \u00e7ok say\u0131da yaral\u0131 var<\/li>\n<li>i\u015fgalci \u0130srail, Gazze \u015eeridi&#8217;nin g\u00fcneyinde Filistin direni\u015fiyle \u00e7\u0131kan \u00e7at\u0131\u015fmalarda bir askerinin \u00f6ld\u00fcr\u00fcld\u00fc\u011f\u00fcn\u00fc duyurdu.<\/li>\n<\/ul>\n<p style=\"text-align: center;\"><strong><a href=\"https:\/\/t.me\/SuriyeArapHaberAjansI\">Telegram Kanal\u0131m\u0131z\u00a0<\/a>||<a href=\"https:\/\/twitter.com\/arap_ajans\">X Platformumuz\u00a0<\/a>||<a href=\"https:\/\/www.facebook.com\/SANAHaberAjansi\/\">Facebook Sayfam\u0131z<\/a><\/strong><\/p>\n","protected":false},"excerpt":{"rendered":"<p>\u0130\u015eGAL ED\u0130LEN KUD\u00dcS (SANA)\u00a0\u2013\u00a0Filistin direni\u015finin i\u015fgalci \u0130srail\u2019in sald\u0131rganl\u0131\u011f\u0131na yan\u0131t olarak 7 Ekim\u2019de ba\u015flatt\u0131\u011f\u0131 Aksa Tufan\u0131 Operasyonu\u2019nda \u00f6ne \u00e7\u0131kan geli\u015fmeler: Filistin medyas\u0131: \u0130srail&#8217;in Gazze \u015fehrinin kuzeyinde bir evi bombalamas\u0131 sonucu \u00e7ok say\u0131da \u015fehit ve yaral\u0131 var. Filistin medyas\u0131: i\u015fgalci \u0130srail&#8217;in Gazze \u015eeridi&#8217;nin merkezindeki Bureij kav\u015fa\u011f\u0131nda bir grup Filistinliyi bombalamas\u0131 sonucu 1 \u015fehit ve biri \u00e7ocuk 4 &hellip;<\/p>\n","protected":false},"author":39,"featured_media":307284,"comment_status":"closed","ping_status":"closed","sticky":false,"template":"","format":"standard","meta":{"footnotes":""},"categories":[458,459,17988],"tags":[],"class_list":["post-307283","post","type-post","status-publish","format-standard","has-post-thumbnail","","category-dunya1","category-haberler-arap-uluslararasi-politika","category-son-haberler"],"_links":{"self":[{"href":"https:\/\/archive.sana.sy\/tr\/index.php?rest_route=\/wp\/v2\/posts\/307283","targetHints":{"allow":["GET"]}}],"collection":[{"href":"https:\/\/archive.sana.sy\/tr\/index.php?rest_route=\/wp\/v2\/posts"}],"about":[{"href":"https:\/\/archive.sana.sy\/tr\/index.php?rest_route=\/wp\/v2\/types\/post"}],"author":[{"embeddable":true,"href":"https:\/\/archive.sana.sy\/tr\/index.php?rest_route=\/wp\/v2\/users\/39"}],"replies":[{"embeddable":true,"href":"https:\/\/archive.sana.sy\/tr\/index.php?rest_route=%2Fwp%2Fv2%2Fcomments&post=307283"}],"version-history":[{"count":2,"href":"https:\/\/archive.sana.sy\/tr\/index.php?rest_route=\/wp\/v2\/posts\/307283\/revisions"}],"predecessor-version":[{"id":307286,"href":"https:\/\/archive.sana.sy\/tr\/index.php?rest_route=\/wp\/v2\/posts\/307283\/revisions\/307286"}],"wp:featuredmedia":[{"embeddable":true,"href":"https:\/\/archive.sana.sy\/tr\/index.php?rest_route=\/wp\/v2\/media\/307284"}],"wp:attachment":[{"href":"https:\/\/archive.sana.sy\/tr\/index.php?rest_route=%2Fwp%2Fv2%2Fmedia&parent=307283"}],"wp:term":[{"taxonomy":"category","embeddable":true,"href":"https:\/\/archive.sana.sy\/tr\/index.php?rest_route=%2Fwp%2Fv2%2Fcategories&post=307283"},{"taxonomy":"post_tag","embeddable":true,"href":"https:\/\/archive.sana.sy\/tr\/index.php?rest_route=%2Fwp%2Fv2%2Ftags&post=307283"}],"curies":[{"name":"wp","href":"https:\/\/api.w.org\/{rel}","templated":true}]}}