{"id":307290,"date":"2024-08-25T14:14:52","date_gmt":"2024-08-25T11:14:52","guid":{"rendered":"https:\/\/sana.sy\/tr\/?p=307290"},"modified":"2024-08-28T09:12:18","modified_gmt":"2024-08-28T06:12:18","slug":"cumhurbaskani-bessar-esad-biraz-sonra-dorduncu-yasama-donemi-icin-halk-meclisinde-bir-konusma-yapacak-2","status":"publish","type":"post","link":"https:\/\/archive.sana.sy\/tr\/?p=307290","title":{"rendered":"Cumhurba\u015fkan\u0131 Esad, Halk Meclisi \u00d6n\u00fcnde: Halk\u0131n G\u00fcveni, Eylemle Desteklenmedi\u011fi Takdirde H\u0131zla T\u00fckenen Bir Kaynakt\u0131r"},"content":{"rendered":"<p style=\"text-align: justify;\"><strong>\u015eAM (SANA) &#8211;<\/strong> Cumhurba\u015fkan\u0131 Be\u015f\u015far Esad, Halk Meclisi&#8217;nin devlet kurumlar\u0131 i\u00e7indeki en \u00f6nemli kurum oldu\u011funu ve aralar\u0131ndaki yak\u0131n ili\u015fki nedeniyle t\u00fcm kurumlar\u0131n kapsaml\u0131 bir \u015fekilde geli\u015ftirilmemesi durumunda etkisinin <img loading=\"lazy\" decoding=\"async\" class=\"size-medium wp-image-307333 alignright\" src=\"http:\/\/sana.sy\/tr\/wp-content\/uploads\/2024\/08\/2-10-300x168.jpg\" alt=\"\" width=\"300\" height=\"168\" srcset=\"https:\/\/archive.sana.sy\/tr\/wp-content\/uploads\/2024\/08\/2-10-300x168.jpg 300w, https:\/\/archive.sana.sy\/tr\/wp-content\/uploads\/2024\/08\/2-10-1024x573.jpg 1024w, https:\/\/archive.sana.sy\/tr\/wp-content\/uploads\/2024\/08\/2-10-768x430.jpg 768w, https:\/\/archive.sana.sy\/tr\/wp-content\/uploads\/2024\/08\/2-10.jpg 1200w\" sizes=\"auto, (max-width: 300px) 100vw, 300px\" \/>somut olmayaca\u011f\u0131n\u0131 vurgulad\u0131.<\/p>\n<p style=\"text-align: justify;\">Cumhurba\u015fkan\u0131 Esad, Meclisin d\u00f6rd\u00fcnc\u00fc yasama oturumunun a\u00e7\u0131l\u0131\u015f\u0131 m\u00fcnasebetiyle Halk Meclisi \u00f6n\u00fcnde yapt\u0131\u011f\u0131 konu\u015fmada, \u2018\u2019Halk Meclisinin de\u011ferli \u00fcyeleri, sizi d\u00f6rd\u00fcnc\u00fc yasama d\u00f6nemi \u00e7al\u0131\u015fmalar\u0131na ba\u015flad\u0131\u011f\u0131n\u0131z i\u00e7in tebrik ediyorum ve se\u00e7menlerinizin onlara hizmet etmekten onur duyacaklar\u0131 konusunda g\u00fcvenini kazand\u0131n\u0131z \u2026 \u00d6ncelikle \u015funu unutmayal\u0131m ki, kamuoyunun g\u00fcveni, \u00e7al\u0131\u015fkanl\u0131kla, ba\u015far\u0131yla ve meyvelerle beslenmezse h\u0131zla t\u00fckenecek bir kaynakt\u0131r\u2019\u2019 ifadelerini kulland\u0131.<\/p>\n<p style=\"text-align: justify;\">Cumhurba\u015fkan\u0131 Esad halk meclisi \u00f6n\u00fcnde yapt\u0131\u011f\u0131 konu\u015fmada ayr\u0131ca, \u2018\u2019Meclisiniz devlet kurumlar\u0131 i\u00e7indeki en \u00f6nemli kurumdur ve aralar\u0131ndaki yak\u0131n ili\u015fki nedeniyle t\u00fcm kurumlar\u0131 kapsayacak \u015fekilde geli\u015fme sa\u011flanamad\u0131\u011f\u0131 takdirde etkisi somut olmayacakt\u0131r\u2019\u2019 de\u011ferlendirmesinde bulundu.<\/p>\n<p style=\"text-align: justify;\">Dokunulmazl\u0131\u011f\u0131n yasalar\u0131 \u00e7i\u011fnemek anlam\u0131na gelmedi\u011fini, bunun yerine \u00fcyelerin yasalar\u0131 uygulama ve bunlar\u0131 yay\u0131nlamaktan sorumlu olduklar\u0131 i\u00e7in onlara uyma konusunda proaktif olmalar\u0131 anlam\u0131na geldi\u011fini belirten Cumhurba\u015fkan\u0131 Be\u015f\u015far Esad,\u00a0 g\u00f6zetimin kurumlara, sorumlulu\u011fun ise yetkililere ait oldu\u011funu ve her ikisinin de yetki almadan \u00f6nce sorumlu oldu\u011funu kaydetti.<\/p>\n<p style=\"text-align: justify;\"><img loading=\"lazy\" decoding=\"async\" class=\"size-medium wp-image-307334 alignright\" src=\"http:\/\/sana.sy\/tr\/wp-content\/uploads\/2024\/08\/55-4-226x300.jpg\" alt=\"\" width=\"226\" height=\"300\" srcset=\"https:\/\/archive.sana.sy\/tr\/wp-content\/uploads\/2024\/08\/55-4-226x300.jpg 226w, https:\/\/archive.sana.sy\/tr\/wp-content\/uploads\/2024\/08\/55-4-772x1024.jpg 772w, https:\/\/archive.sana.sy\/tr\/wp-content\/uploads\/2024\/08\/55-4-768x1018.jpg 768w, https:\/\/archive.sana.sy\/tr\/wp-content\/uploads\/2024\/08\/55-4-1159x1536.jpg 1159w, https:\/\/archive.sana.sy\/tr\/wp-content\/uploads\/2024\/08\/55-4.jpg 1200w\" sizes=\"auto, (max-width: 226px) 100vw, 226px\" \/>Cumhurba\u015fkan\u0131 Esad, \u2018\u2019Vizyonlara sahip olman\u0131za dayal\u0131 olarak vizyonlar\u0131 tart\u0131\u015fma sorumlulu\u011funu ta\u015f\u0131yorsunuz ve bu, kurumsal \u00e7\u0131karlar pahas\u0131na bireysel \u00e7al\u0131\u015fmay\u0131 \u00f6nleyen a\u00e7\u0131k bir metodoloji gerektirir\u2019\u2019 ifadelerini kullan\u0131rken, tek bir tedbirin ne kadar do\u011fru olursa olsun etkisiz bir tedbir oldu\u011funu, bu nedenle y\u00fcr\u00fctme otoritesiyle ili\u015fkimizde politika ve vizyonlardan yola \u00e7\u0131kmam\u0131z gerekti\u011fini ifade etti.<\/p>\n<p style=\"text-align: justify;\">Say\u0131n Cumhurba\u015fkan\u0131, Halk Meclisi&#8217;nin rol\u00fcn\u00fcn, bir yasay\u0131 onaylarken, bir politikay\u0131 onaylarken vb. ara\u00e7lar hakk\u0131nda soru sormak oldu\u011funu, bunun nas\u0131l uygulanaca\u011f\u0131n\u0131 sormad\u0131\u011f\u0131nda ise ihmalin sorumlulu\u011funu y\u00fcr\u00fctme otoritesine ta\u015f\u0131d\u0131\u011f\u0131n\u0131 belirtti.<\/p>\n<p style=\"text-align: justify;\">Ya\u015fam durumuna ili\u015fkin Cumhurba\u015fkan\u0131 Esad, bu gibi durumlarda \u00f6nceli\u011fin tatmin etmek ve moral vermek de\u011fil, her ne kadar \u00f6nemli olsa da, ger\u00e7e\u011fi oldu\u011fu gibi a\u00e7\u0131klamak, analiz etmek ve olas\u0131 \u00e7\u00f6z\u00fcm \u00f6nerileri sunmak oldu\u011funu vurgularken, a\u011f\u0131r ekonomik krizlerin a\u00e7\u0131k\u00e7a g\u00f6r\u00fclemeyen bir ba\u011f\u0131\u015f\u0131kl\u0131k yetersizli\u011fi durumu oldu\u011funu, sava\u015flar\u0131n bu zay\u0131fl\u0131k durumunu ve ciddiyetini ortaya \u00e7\u0131kard\u0131\u011f\u0131n\u0131 belirterek, onlarca y\u0131ld\u0131r takip etti\u011fimiz ekonomik trendlerimizin derinli\u011fine bakmam\u0131z gerekti\u011fini ifade etti.<\/p>\n<p style=\"text-align: justify;\">Say\u0131n Cumhurba\u015fkan\u0131 Halk Meclisi \u00f6n\u00fcnde konu\u015fmas\u0131n\u0131 yaparken, \u2018\u2019B\u00f6lgenin ve d\u00fcnyan\u0131n de\u011fi\u015fmesiyle, ekonomi, siyaset, g\u00fcvenlik, k\u00fclt\u00fcr vb. kurallar\u0131n de\u011fi\u015fmesiyle bir politikan\u0131n her zaman do\u011fru olmas\u0131 m\u00fcmk\u00fcn m\u00fcd\u00fcr? \u2026 Politikalar\u0131m\u0131z\u0131 tart\u0131\u015fmam\u0131z gerekiyor\u2019\u2019\u00a0 diye konu\u015ftu.<\/p>\n<p style=\"text-align: justify;\">\u00a0\u2018\u2019Temel politikalar\u0131n ve e\u011filimlerin do\u011fru olmas\u0131 bir \u015feydir\u2026Tart\u0131\u015f\u0131lmas\u0131 yasak olan kutsal \u015feylerin olmas\u0131 ba\u015fka bir \u015feydir. Sorun bizim yanl\u0131\u015f yakla\u015f\u0131m\u0131m\u0131zda olabilir, bu da iyi politikay\u0131 yanl\u0131\u015fa d\u00f6n\u00fc\u015ft\u00fcr\u00fcr\u2019\u2019 diyen Cumhurba\u015fkan\u0131 Esad, olu\u015fturulan politikalarda h\u00fck\u00fcmetin kendisinden beklenen hedeflere ula\u015fmas\u0131n\u0131n gerekli oldu\u011funu ve bu h\u00fck\u00fcmetin hedefleri hayata ge\u00e7irecek ara\u00e7lara ihtiyac\u0131 oldu\u011funu ve bunlardan birinin politika de\u011fi\u015fikli\u011fi olabilece\u011fini dile getirdi.<\/p>\n<p style=\"text-align: justify;\">Cumhurba\u015fkan\u0131 Esad konu\u015fmas\u0131na \u015fu ifadeler de ekledi: \u2018\u2019 Suriye&#8217;de kendimize en uygun ve en az zararl\u0131 \u00e7\u00f6z\u00fcmleri belirlememiz gerekiyor ve her \u00e7\u00f6z\u00fcm olumlu ve olumsuz yanlar\u0131n\u0131 da beraberinde getiriyor. Suriye&#8217;nin zor bir s\u00fcre\u00e7ten ge\u00e7ti\u011fi ve zor se\u00e7imlerin imkans\u0131z anlam\u0131na gelmedi\u011fi, vizyonlar\u0131n, politikalar\u0131n ve planlar\u0131n ger\u00e7eklere dayand\u0131\u011f\u0131 biliniyor.\u2019\u2019<\/p>\n<p style=\"text-align: justify;\">Cumhurba\u015fkan\u0131 Esad, ekonominin \u00f6nemli bir par\u00e7as\u0131 olduklar\u0131 i\u00e7in k\u00fc\u00e7\u00fck ve orta \u00f6l\u00e7ekli i\u015fletmelerin desteklenmesinin man\u015fetlerde \u00f6n s\u0131ralarda yer ald\u0131\u011f\u0131n\u0131 belirtirken de, \u2018\u2019K\u00fc\u00e7\u00fck projeler b\u00fcy\u00fcmenin \u00e7ekirde\u011fidir ve ge\u00e7ici bir soruna \u00e7\u00f6z\u00fcm de\u011fildir. Bunlar sadece ekonomi i\u00e7in destekleyici bir merkez de\u011fil, ayn\u0131 zamanda ekonominin omurgas\u0131d\u0131r\u2019\u2019 de\u011ferlendirmesinde bulundu.<\/p>\n<p style=\"text-align: justify;\">Say\u0131n Cumhurba\u015fkan\u0131, Halk Meclisinin diyalo\u011fu ve hareketi y\u00f6nlendirmede ve bir\u00e7ok zorlukla ulusal rol d\u00fczeyine y\u00fckselen etkili mekanizmalarla y\u00fczle\u015fmede \u00e7ok \u00f6nemli bir role sahip oldu\u011funu vurgulaken, \u2018\u2019Bunun yap\u0131labilmesi i\u00e7in Konseyin i\u00e7 d\u00fczenlemelerinin geli\u015ftirilmesi gerekmektedir\u2019\u2019 diye devam etti.<\/p>\n<p style=\"text-align: justify;\">Cumhurba\u015fkan\u0131 Esad konu\u015fmas\u0131nda, \u00a0baz\u0131lar\u0131n\u0131n inand\u0131\u011f\u0131 gibi durumu de\u011fi\u015ftirmenin imkans\u0131z olmad\u0131\u011f\u0131n\u0131, meselelere yakla\u015f\u0131mlar\u0131m\u0131z\u0131 de\u011fi\u015ftirmemiz ve kurumlar\u0131m\u0131z\u0131n \u00e7al\u0131\u015fmalar\u0131n\u0131 harekete ge\u00e7irmemiz ko\u015fuluyla m\u00fcmk\u00fcn oldu\u011funu a\u00e7\u0131klarken \u015f\u00f6yle devam etti: \u2018\u2019Suriye d\u00fcnyadaki \u00e7at\u0131\u015fma alanlar\u0131ndan biridir ve \u00f6n\u00fcm\u00fczdeki se\u00e7im, yaln\u0131zca etkilenmek ya da etkilemek ve bir denge kurmak aras\u0131ndad\u0131r. Bu dengenin tam olabilmesi i\u00e7in \u00e7ok \u00e7al\u0131\u015fmal\u0131 ve \u00e7\u00f6z\u00fcm aramal\u0131y\u0131z. Ko\u015fullar\u0131 de\u011fi\u015ftirmeye \u00e7al\u0131\u015fmak yerine hayal k\u0131r\u0131kl\u0131\u011f\u0131na boyun e\u011fmeyi ve ko\u015fullara teslim olmay\u0131 <img loading=\"lazy\" decoding=\"async\" class=\"size-medium wp-image-307336 alignright\" src=\"http:\/\/sana.sy\/tr\/wp-content\/uploads\/2024\/08\/\u0643\u0644\u0645\u0629-\u0645\u062c\u0644\u0633-\u0627\u0644\u0634\u0639\u0628-12-1-204x300.jpg\" alt=\"\" width=\"204\" height=\"300\" srcset=\"https:\/\/archive.sana.sy\/tr\/wp-content\/uploads\/2024\/08\/\u0643\u0644\u0645\u0629-\u0645\u062c\u0644\u0633-\u0627\u0644\u0634\u0639\u0628-12-1-204x300.jpg 204w, https:\/\/archive.sana.sy\/tr\/wp-content\/uploads\/2024\/08\/\u0643\u0644\u0645\u0629-\u0645\u062c\u0644\u0633-\u0627\u0644\u0634\u0639\u0628-12-1-695x1024.jpg 695w, https:\/\/archive.sana.sy\/tr\/wp-content\/uploads\/2024\/08\/\u0643\u0644\u0645\u0629-\u0645\u062c\u0644\u0633-\u0627\u0644\u0634\u0639\u0628-12-1-768x1131.jpg 768w, https:\/\/archive.sana.sy\/tr\/wp-content\/uploads\/2024\/08\/\u0643\u0644\u0645\u0629-\u0645\u062c\u0644\u0633-\u0627\u0644\u0634\u0639\u0628-12-1-1043x1536.jpg 1043w, https:\/\/archive.sana.sy\/tr\/wp-content\/uploads\/2024\/08\/\u0643\u0644\u0645\u0629-\u0645\u062c\u0644\u0633-\u0627\u0644\u0634\u0639\u0628-12-1.jpg 1200w\" sizes=\"auto, (max-width: 204px) 100vw, 204px\" \/>reddetmeliyiz&#8230; \u201c\u0130lk ciddi \u00e7al\u0131\u015fma, yenilgiyi zihinlerimizden silmektir&#8230; Geri kalm\u0131\u015fl\u0131kla, baz\u0131lar\u0131n\u0131n ders \u00e7\u0131karamamas\u0131yla, d\u00fc\u015ft\u00fc\u011f\u00fcm\u00fcz tuzaklara d\u00fc\u015fmemizle m\u00fccadelemiz.. Bizim m\u00fccadelemiz cehalet ve dar g\u00f6r\u00fc\u015fl\u00fcl\u00fckledir ve onlar olmasayd\u0131 hi\u00e7bir rakip ve d\u00fc\u015fman b\u00f6lgemize sald\u0131rmaya cesaret edemezdi.\u201d<\/p>\n<p style=\"text-align: justify;\"><span style=\"color: #0000ff;\"><strong>T\u00fcrkiye \u0130le \u0130li\u015fkiler Konusunda Ortaya At\u0131lan Giri\u015fimleri Olumlu Ve ihmal Etmeden Ele Ald\u0131k. Ancak Giri\u015fimi Ba\u015flatanlar\u0131n Ciddiyetine Ve \u0130\u015flerin Normale D\u00f6nmesi Konusundaki Samimi \u0130steklili\u011fine Ra\u011fmen Sahada Kayda De\u011fer Bir Sonu\u00e7 Elde Edilemedi.<\/strong><\/span><\/p>\n<p style=\"text-align: justify;\"><span style=\"color: #000000;\"><strong>Cumhurba\u015fkan\u0131 Esad, Halk Meclisi \u00f6n\u00fcnde yapt\u0131\u011f\u0131 konu\u015fmada Suriye -T\u00fcrkiye ili\u015fkileri konusuna da de\u011findi<\/strong>.\u00a0<\/span> Cumhurba\u015fkan\u0131 Esad bu konuda \u015fu ifadeleri kulland\u0131: \u2018\u2019\u0130\u00e7inde bulundu\u011fumuz k\u00fcresel kriz durumu ve bunun \u00fczerimizdeki yans\u0131malar\u0131, \u00fcz\u00fcnt\u00fc duygular\u0131ndan, bir karde\u015fin b\u0131\u00e7aklanmas\u0131 ya da bir dostun ihanetinden kaynaklanan yaralar\u0131n ac\u0131s\u0131ndan uzak, d\u00fczeltilebilecekleri d\u00fczeltmek i\u00e7in bizi daha h\u0131zl\u0131 \u00e7al\u0131\u015fmaya itiyor. Bu ruhla, T\u00fcrkiye ile ili\u015fkilere ili\u015fkin olarak birden fazla taraf\u0131n (Rusya, \u0130ran ve Irak) ortaya koydu\u011fu giri\u015fimleri ele ald\u0131k. Bu giri\u015fimlerin ilki yakla\u015f\u0131k be\u015f y\u0131l veya daha uzun bir s\u00fcre \u00f6nceydi ve farkl\u0131 d\u00fczeylerde pek \u00e7ok toplant\u0131 i\u00e7eriyordu ancak sahada kayda de\u011fer bir sonu\u00e7 elde edilemedi.\u00a0 Ba\u015flatanlar\u0131n ciddiyetine ve her \u015feyin normale d\u00f6nmesi konusundaki samimi isteklili\u011fine ra\u011fmen, her ge\u00e7en g\u00fcn ilerleme kaydedilmedi\u011finde sadece Suriye taraf\u0131nda de\u011fil, T\u00fcrkiye taraf\u0131nda da hasar birikiyordu\u2026 B\u00f6ylece art\u0131k g\u00f6z ard\u0131 edilemez veya reddedilemez bir duruma geldi. Bu giri\u015fimlerle ilgilenirken ilkelerimizden ve \u00e7\u0131karlar\u0131m\u0131zdan yola \u00e7\u0131kt\u0131k. Bu ilkeler ve \u00e7\u0131karlar, e\u011fer niyetler zarars\u0131zsa, genellikle kom\u015fu \u00fclkeler aras\u0131nda \u00e7at\u0131\u015fmaz. Egemenlik ve uluslararas\u0131 hukuk, sorunun \u00e7\u00f6z\u00fcm\u00fc konusunda ciddi olan t\u00fcm taraflar\u0131n ilkeleriyle tutarl\u0131d\u0131r, ancak geri \u00e7ekilme ve ter\u00f6rizmin ortadan kald\u0131r\u0131lmas\u0131 sonucunda normal ili\u015fkilerin yeniden tesis edilmesi, herhangi iki kom\u015fu halk\u0131n ortak \u00e7\u0131kar\u0131d\u0131r. Ama nedene y\u00f6nelmeden sonu\u00e7 alamazs\u0131n\u0131z\u2026 Sava\u015ftan \u00f6nce de, sava\u015ftan sonra da politikalar\u0131m\u0131z\u0131 de\u011fi\u015ftirmedik, tam tersine, biz bu sava\u015f\u0131n on \u00fc\u00e7 k\u00fcsur y\u0131l\u0131 boyunca T\u00fcrk halk\u0131n\u0131n y\u00f6nelimlerini, kom\u015fu halk olmay\u0131, T\u00fcrk <img loading=\"lazy\" decoding=\"async\" class=\"size-full wp-image-307361 alignright\" src=\"http:\/\/sana.sy\/tr\/wp-content\/uploads\/2024\/08\/5-2.jpg\" alt=\"\" width=\"300\" height=\"200\" \/>yetkililerin politikalar\u0131n\u0131 ve niyetlerini hep ay\u0131rmaya \u00e7al\u0131\u015ft\u0131k. Demek ki y\u00f6nelimlerimizde, niyetlerimizde, politikalar\u0131m\u0131zda hi\u00e7bir \u015feyi de\u011fi\u015ftirmedi\u011fimiz i\u00e7in de\u011fi\u015fen \u015feyin sebebi biz olamay\u0131z. Ayn\u0131 zamanda bug\u00fcn geri \u00e7ekilelim diye kom\u015fu \u00fclkenin topraklar\u0131n\u0131 i\u015fgal etmek i\u00e7in kuvvet g\u00f6ndermedik, kom\u015fu halklar\u0131 \u00f6ld\u00fcrs\u00fcn diye ter\u00f6re destek vermedik\u2026 Biz onu karde\u015fimiz olarak g\u00f6rd\u00fck.. \u0130lk \u00e7\u00f6z\u00fcm uzla\u015fma ba\u015fl\u0131\u011f\u0131 alt\u0131nda nezaket de\u011fil a\u00e7\u0131k s\u00f6zl\u00fcl\u00fckt\u00fcr. \u00a0\u0130lk \u00e7\u00f6z\u00fcm kibir de\u011fil, hatan\u0131n yerini tespit etmektir&#8230;Ger\u00e7ek nedenlerini g\u00f6remedi\u011fimiz bir sorunu nas\u0131l \u00e7\u00f6zebiliriz? &#8230; \u0130li\u015fkilerin normale d\u00f6nmesi i\u00e7in samimi istek, \u00f6ncelikle bu ili\u015fkiyi bozan nedenlerin ortadan kald\u0131r\u0131lmas\u0131n\u0131 gerektirir. Bu da mevcut duruma yol a\u00e7an politikalar\u0131n geri al\u0131nmas\u0131n\u0131 gerektiriyor ve bunlar bir ko\u015ful de\u011fil, s\u00fcrecin ba\u015far\u0131s\u0131 i\u00e7in gereklilikler. Bu gereklilikler pek \u00e7ok \u00f6nemli unsuru b\u00fcnyesinde bar\u0131nd\u0131rmaktad\u0131r, ancak bunlar\u0131n en ba\u015f\u0131nda devletlerin haklar\u0131 gelmektedir. \u00dclke olarak hi\u00e7bir hakk\u0131m\u0131zdan hi\u00e7bir ko\u015fulda vazge\u00e7meyece\u011fiz. Haklar\u0131m\u0131zdan vazge\u00e7meyece\u011fiz ve ba\u015fkalar\u0131n\u0131n da haklar\u0131ndan vazge\u00e7mesini talep etmeyece\u011fiz. Bu da bir mant\u0131kt\u0131r.\u2019\u2019<\/p>\n<p style=\"text-align: justify;\">Cumhurba\u015fkan\u0131 konu ile ilgili konu\u015fmas\u0131na \u015fu ifadeleri de ekledi: \u2018\u2019 Dolay\u0131s\u0131yla giri\u015fimlerin ba\u015far\u0131s\u0131n\u0131 sa\u011flayan temellerden biri de budur&#8230; Temelerlde politikalardan sad\u0131k bir istek ve politikalardan vazge\u00e7mek veya politikalardan vazge\u00e7meye yol a\u00e7an sad\u0131k isteki&#8230; From\u00fcl \u00f6nemli de\u011fil&#8230; Prensiplere gelince, herhangi bir m\u00fczakere s\u00fcrecinin ba\u015far\u0131l\u0131 olabilmesi i\u00e7in bir referansa ihtiyac\u0131 vard\u0131r. Ba\u015far\u0131l\u0131 olmak i\u00e7in g\u00fcvenebilece\u011finiz bir referansa ihtiyac\u0131n\u0131z var. Daha \u00f6nce yap\u0131lan toplant\u0131lardan sonu\u00e7 al\u0131namamas\u0131n\u0131n \u00e7e\u015fitli nedenleri var.. Ancak en \u00f6nemli sebeplerden biri bu toplant\u0131lar\u0131n referans\u0131n\u0131n olmay\u0131\u015f\u0131d\u0131r. Bu referans birka\u00e7 \u015feye dayand\u0131r\u0131labilir. \u00c7e\u015fitli taraflar aras\u0131nda mutabakata var\u0131lan \u015feyler&#8230; Uluslararas\u0131 hukuka dayal\u0131 olabilir, Birle\u015fmi\u015f Milletler \u015eart\u0131&#8217;na dayal\u0131 olabilir, taraflar\u0131n her birini ilgilendiren bir tak\u0131m ba\u015fl\u0131klara dayal\u0131 olabilir; Mesela T\u00fcrk yetkililerin s\u00fcrekli dile getirdi\u011fi konu m\u00fclteciler ve ter\u00f6r meselesi. Suriye&#8217;nin s\u00fcrekli dile getirdi\u011fi \u015fey ise, Suriye topraklar\u0131ndan \u00e7ekilme meselesi ve ayn\u0131 zamanda ter\u00f6r meselesidir.\u00a0 Bu ba\u015fl\u0131klar\u0131n d\u00f6rd\u00fcnde de bir sorunumuz oldu\u011funa inanm\u0131yoruz, ister Suriye ba\u015fl\u0131klar\u0131 olsun, ister T\u00fcrkiye ba\u015fl\u0131klar\u0131. Baz\u0131 T\u00fcrk yetkililerin Suriye ba\u015fl\u0131klar\u0131nda duyurdu\u011funa g\u00f6re, k\u00f6t\u00fc niyet <img loading=\"lazy\" decoding=\"async\" class=\"size-medium wp-image-307362 alignright\" src=\"http:\/\/sana.sy\/tr\/wp-content\/uploads\/2024\/08\/222-200x300.jpg\" alt=\"\" width=\"200\" height=\"300\" srcset=\"https:\/\/archive.sana.sy\/tr\/wp-content\/uploads\/2024\/08\/222-200x300.jpg 200w, https:\/\/archive.sana.sy\/tr\/wp-content\/uploads\/2024\/08\/222-683x1024.jpg 683w, https:\/\/archive.sana.sy\/tr\/wp-content\/uploads\/2024\/08\/222-768x1152.jpg 768w, https:\/\/archive.sana.sy\/tr\/wp-content\/uploads\/2024\/08\/222-1024x1536.jpg 1024w, https:\/\/archive.sana.sy\/tr\/wp-content\/uploads\/2024\/08\/222-1366x2048.jpg 1366w, https:\/\/archive.sana.sy\/tr\/wp-content\/uploads\/2024\/08\/222.jpg 1707w\" sizes=\"auto, (max-width: 200px) 100vw, 200px\" \/>olmad\u0131\u011f\u0131 s\u00fcrece sorun olmamas\u0131 gerekiyor.\u2019\u2019<\/p>\n<p style=\"text-align: justify;\">Cumhurba\u015fkan\u0131 Suriye \u2013 T\u00fcrkiye il\u015fikileri konusuna de\u011finirken de, \u2018\u2019 Bu ba\u015fl\u0131klar \u00fczerinde anla\u015fmaya var\u0131ld\u0131\u011f\u0131nda, her iki taraf\u0131n yetkilileri aras\u0131nda daha sonra belirlenecek d\u00fczeyde bir toplant\u0131 yap\u0131larak ortak bir a\u00e7\u0131klama yap\u0131lmas\u0131 gerekiyor. Bu ortak a\u00e7\u0131klama, ili\u015fkinin geli\u015ftirilmesi, geri \u00e7ekilme, ter\u00f6rle m\u00fccadele veya her iki taraf\u0131 da ilgilendiren di\u011fer konularda daha sonra at\u0131labilecek ad\u0131mlara temel te\u015fkil eden ilkeler belgesini olu\u015fturan bir belgeye d\u00f6n\u00fc\u015f\u00fcyor\u2019\u2019 diye devam etti.<\/p>\n<p style=\"text-align: justify;\">\u2018\u2019Bu Belgenin ve bu at\u0131f\u0131n \u00f6nemi, m\u00fczakereleri d\u00fczenlemesi, herhangi bir taraf\u0131n manevra yapmas\u0131n\u0131 veya karamsarl\u0131\u011f\u0131n\u0131 \u00f6nlemesidir. Ayn\u0131 zamanda giri\u015fimcilerin \u00e7abalar\u0131nda ba\u015far\u0131l\u0131 olmalar\u0131na yard\u0131mc\u0131 olmak i\u00e7in g\u00fcvendikleri bir ara\u00e7 olu\u015fturur. Yani Suriye&#8217;nin \u015fu anda bahsetti\u011fi a\u015fama, temeller ve ilkeler a\u015famas\u0131d\u0131r \u00e7\u00fcnk\u00fc Suriye&#8217;nin ba\u015far\u0131s\u0131, daha sonra al\u0131nacak tedbirlerin ba\u015far\u0131s\u0131na haz\u0131rl\u0131kt\u0131r\u2019\u2019 ifadelerini kullan\u0131rken Cumhurba\u015fkan\u0131 Esad, \u2018\u2019Dolay\u0131s\u0131yla baz\u0131 T\u00fcrk yetkililerin zaman zaman Suriye&#8217;nin \u00e7ekilme olmazsa T\u00fcrklerle g\u00f6r\u00fc\u015fmeyece\u011fiz demesi do\u011fru de\u011fil. Bu ger\u00e7eklikten uzakt\u0131r. Bu konu \u00fczerinde sistematik ve ger\u00e7ek\u00e7i bir \u015fekilde \u00e7al\u0131\u015f\u0131yoruz. \u00d6nemli olan hedeflerimizin net olmas\u0131 ve bu hedeflere do\u011fru nas\u0131l ilerleyece\u011fimizi bilmemizdir. At\u0131lacak ad\u0131mlar ne olursa olsun bunlar\u0131n temeli egemenlik olacak, s\u0131n\u0131rlar\u0131 egemenlik olacak, \u00f6l\u00e7\u00fct\u00fc de egemenlik olacakt\u0131r\u2019\u2019 de\u011ferlendirmesinde bulundu.<\/p>\n<p style=\"text-align: justify;\"><span style=\"color: #0000ff;\"><strong>Golan halk\u0131, Topraklar\u0131nda Egemenlik Olmamas\u0131n\u0131n, Vatanseverli\u011fin Halklar\u0131n\u0131n Vicdan\u0131ndan Silinmesi De\u011fil, De\u011ferlerinin Y\u00fckselmesi Anlam\u0131na Geldi\u011fini Kan\u0131tlad\u0131.<\/strong><\/span><\/p>\n<p style=\"text-align: justify;\"><span style=\"color: #000000;\"><strong>Cumhurba\u015fkan\u0131 Esad konu\u015fmas\u0131nda Golan halk\u0131n\u0131n kararl\u0131l\u0131\u011f\u0131na ve anavatan\u0131na olan ba\u011fl\u0131l\u0131\u011f\u0131na de\u011finerek<\/strong><\/span> \u2018\u2019Egemenlik denilince Golan gelir&#8230; Golan o\u011fullar\u0131n\u0131n bize bir\u00e7ok ders verdi&#8230; Kendi topraklar\u0131nda egemenli\u011fin olmamas\u0131n\u0131n, vatanseverli\u011fin halk\u0131n\u0131n vicdan\u0131ndan silinmesi anlam\u0131na gelmedi\u011fini, aksine de\u011ferlerinin y\u00fckselmesi anlam\u0131na geldi\u011fini g\u00f6sterdiler. Toprak i\u015fgal etmenin namus satmak anlam\u0131na gelmedi\u011fini, vatanseverli\u011fin g\u00f6stermelik ya da g\u00f6steri\u015f de\u011fil, k\u00f6kl\u00fc bir ba\u011fl\u0131l\u0131k, sadakat ve ba\u011fl\u0131l\u0131k oldu\u011funu ispatlad\u0131lar. Bize en g\u00fczel dersi verdiler; ak\u0131l ku\u015fatmas\u0131, mide ku\u015fatmas\u0131ndan daha tehlikeli ve \u00f6ld\u00fcr\u00fcc\u00fcd\u00fcr. Ge\u00e7im ku\u015fatmas\u0131, k\u0131ymetli haysiyetle, y\u00fcksek ahlakla, aziz bir ruhla, milli de\u011ferlerle, fikir ve \u00e7\u00f6z\u00fcm \u00fcreten bir ak\u0131lla hafifletilir. Fakat, zihinlerin ku\u015fat\u0131lmas\u0131 ise toplu intihara ve milletin siyasi k\u00f6le pazar\u0131nda sat\u0131lmas\u0131na yol a\u00e7maktad\u0131r&#8230;Altm\u0131\u015f y\u0131l\u0131 a\u015fk\u0131n bir s\u00fcre uygulanan ku\u015fatma alt\u0131nda direni\u015fle, haks\u0131z ilhaklara, fa\u015fist Siyonist kimli\u011fe ve zalim i\u015fgalciye kar\u015f\u0131 direndiler. Onlar, konumlar\u0131n\u0131 sa\u011flam bir \u015fekilde belirlediler ve hala da \u00f6yleler, kendi y\u00f6nlerinde kararl\u0131lar, kalplerinin atmas\u0131na ve ruhlar\u0131n\u0131n Suriye d\u0131\u015f\u0131nda ya\u015famas\u0131na izin vermiyorlar&#8230;Onlar, \u00a0vatan\u0131 savunuan, \u015fehitlerimizi ve aileleri, kahraman yaral\u0131lar\u0131m\u0131z, fedakarl\u0131k yapan, fedakarl\u0131k yap\u0131p iradesi k\u0131r\u0131lmayan, ac\u0131lara katlanan, onurunu satmayan her Suriyeli ile Filistin, L\u00fcbnan, Irak ve Yemen\u2019deki direni\u015f sava\u015f\u00e7\u0131lar\u0131 bizim i\u00e7in kurtulu\u015fa, haysiyete, \u015ferefe ve tam ba\u011f\u0131ms\u0131zl\u0131\u011fa giden yolda takip edece\u011fimiz rehber, misal ve \u00f6rneklerdir &#8230;Bayanlar ve baylar, size \u00f6nemli ulusal g\u00f6revlerinizde ba\u015far\u0131lar diliyorum. Allah&#8217;\u0131n selam\u0131, rahmeti ve bereketi \u00fczerinize olsun&#8221; ifadeleriyle konu\u015fmas\u0131n\u0131 tamamlad\u0131.<\/p>\n<p style=\"text-align: center;\"><strong><a href=\"https:\/\/t.me\/SuriyeArapHaberAjansI\">Telegram Kanal\u0131m\u0131z\u00a0<\/a><span style=\"color: #ff0000;\">||<\/span><a href=\"https:\/\/twitter.com\/arap_ajans\">X Platformumuz\u00a0<\/a><span style=\"color: #ff0000;\">||<\/span><a href=\"https:\/\/www.facebook.com\/SANAHaberAjansi\/\">Facebook Sayfam\u0131z<\/a><\/strong><\/p>\n","protected":false},"excerpt":{"rendered":"<p>\u015eAM (SANA) &#8211; Cumhurba\u015fkan\u0131 Be\u015f\u015far Esad, Halk Meclisi&#8217;nin devlet kurumlar\u0131 i\u00e7indeki en \u00f6nemli kurum oldu\u011funu ve aralar\u0131ndaki yak\u0131n ili\u015fki nedeniyle t\u00fcm kurumlar\u0131n kapsaml\u0131 bir \u015fekilde geli\u015ftirilmemesi durumunda etkisinin somut olmayaca\u011f\u0131n\u0131 vurgulad\u0131. Cumhurba\u015fkan\u0131 Esad, Meclisin d\u00f6rd\u00fcnc\u00fc yasama oturumunun a\u00e7\u0131l\u0131\u015f\u0131 m\u00fcnasebetiyle Halk Meclisi \u00f6n\u00fcnde yapt\u0131\u011f\u0131 konu\u015fmada, \u2018\u2019Halk Meclisinin de\u011ferli \u00fcyeleri, sizi d\u00f6rd\u00fcnc\u00fc yasama d\u00f6nemi \u00e7al\u0131\u015fmalar\u0131na ba\u015flad\u0131\u011f\u0131n\u0131z i\u00e7in &hellip;<\/p>\n","protected":false},"author":41,"featured_media":307330,"comment_status":"closed","ping_status":"closed","sticky":false,"template":"","format":"standard","meta":{"footnotes":""},"categories":[606,6459,605,2554,2555],"tags":[1551,42238],"class_list":["post-307290","post","type-post","status-publish","format-standard","has-post-thumbnail","","category-cumhurbaskani","category-sana-fotolarl","category-sayin-cumhurbaskani","category-suriye-ve-dunya","category-suriye-ve-turkiye","tag-cumhurbaskani-bessar-esad","tag-suriyede-son-durumlari-degerlendiriyor"],"_links":{"self":[{"href":"https:\/\/archive.sana.sy\/tr\/index.php?rest_route=\/wp\/v2\/posts\/307290","targetHints":{"allow":["GET"]}}],"collection":[{"href":"https:\/\/archive.sana.sy\/tr\/index.php?rest_route=\/wp\/v2\/posts"}],"about":[{"href":"https:\/\/archive.sana.sy\/tr\/index.php?rest_route=\/wp\/v2\/types\/post"}],"author":[{"embeddable":true,"href":"https:\/\/archive.sana.sy\/tr\/index.php?rest_route=\/wp\/v2\/users\/41"}],"replies":[{"embeddable":true,"href":"https:\/\/archive.sana.sy\/tr\/index.php?rest_route=%2Fwp%2Fv2%2Fcomments&post=307290"}],"version-history":[{"count":48,"href":"https:\/\/archive.sana.sy\/tr\/index.php?rest_route=\/wp\/v2\/posts\/307290\/revisions"}],"predecessor-version":[{"id":307301,"href":"https:\/\/archive.sana.sy\/tr\/index.php?rest_route=\/wp\/v2\/posts\/307290\/revisions\/307301"}],"wp:featuredmedia":[{"embeddable":true,"href":"https:\/\/archive.sana.sy\/tr\/index.php?rest_route=\/wp\/v2\/media\/307330"}],"wp:attachment":[{"href":"https:\/\/archive.sana.sy\/tr\/index.php?rest_route=%2Fwp%2Fv2%2Fmedia&parent=307290"}],"wp:term":[{"taxonomy":"category","embeddable":true,"href":"https:\/\/archive.sana.sy\/tr\/index.php?rest_route=%2Fwp%2Fv2%2Fcategories&post=307290"},{"taxonomy":"post_tag","embeddable":true,"href":"https:\/\/archive.sana.sy\/tr\/index.php?rest_route=%2Fwp%2Fv2%2Ftags&post=307290"}],"curies":[{"name":"wp","href":"https:\/\/api.w.org\/{rel}","templated":true}]}}