{"id":30730,"date":"2015-04-23T15:30:47","date_gmt":"2015-04-23T12:30:47","guid":{"rendered":"http:\/\/www.sana.sy\/tr\/?p=30730"},"modified":"2015-04-23T16:31:55","modified_gmt":"2015-04-23T13:31:55","slug":"okuma-aliskanligi-ve-kitap-iceriginin-gelistirilmesinde-etkin-mekanizmalar-uretilmelidir","status":"publish","type":"post","link":"https:\/\/archive.sana.sy\/tr\/?p=30730","title":{"rendered":"Okuma Al\u0131\u015fkanl\u0131\u011f\u0131 ve Kitap \u0130\u00e7eri\u011finin Geli\u015ftirilmesinde Etkin Mekanizmalar \u00dcretilmelidir"},"content":{"rendered":"<p>\u015eAM \u2013 Enformasyon Bakanl\u0131\u011f\u0131 d\u00fcnya kitap g\u00fcn\u00fc m\u00fcnasebetiyle bug\u00fcn Suriye Yay\u0131nc\u0131lar Birli\u011fi ile i\u015fbirli\u011fi i\u00e7inde \u015eam\u2019daki Ulusal Esad K\u00fct\u00fcphanesinde \u2018Okuyan Toplum Geli\u015fen Toplumdur\u2019 slogan\u0131 alt\u0131nda etkinlik d\u00fczenledi.<\/p>\n<p>Etkinlik a\u00e7\u0131l\u0131\u015f\u0131nda konu\u015fan Enformasyon Bakan\u0131 Omran el Zoubi; ulusalc\u0131 mant\u0131\u011fa hitap etmesi itibar\u0131yla e\u011fitim ve \u00f6\u011fretim kitaplar\u0131n\u0131n \u00f6nemine i\u015faret ederken, kitap okuma al\u0131\u015fkanl\u0131\u011f\u0131n\u0131n insani her a\u00e7\u0131dan geli\u015ftirece\u011fini belirtti.<\/p>\n<p>Ulusalc\u0131 kitaplar\u0131n Suriye&#8217;nin yap\u0131lanmas\u0131nda b\u00fcy\u00fck \u00f6nem ta\u015f\u0131d\u0131\u011f\u0131na dikkat \u00e7eken Zoubi; Suriye toplumunun okumay\u0131 seven bir toplum olmas\u0131yla maruz kald\u0131\u011f\u0131 evrensel sava\u015f kar\u015f\u0131s\u0131nda yurtseverli\u011fini ve ya\u015fama s\u0131ms\u0131k\u0131 tutunmas\u0131n\u0131n bu \u00f6zelli\u011finden kaynakl\u0131 oldu\u011funu s\u00f6yledi.<\/p>\n<p>Bakan Zoubi mevcut ko\u015fullar\u0131n zorlu\u011funa ra\u011fmen Enformasyon Bakanl\u0131\u011f\u0131n\u0131n kitap bas\u0131m\u0131 ve da\u011f\u0131t\u0131m\u0131n\u0131 yapan yay\u0131n evlerine elinden geldi\u011fi kadar yard\u0131m ve destekte bulunaca\u011f\u0131n\u0131 belirtti. Bu y\u00f6ndeki \u00e7al\u0131\u015fmalar\u0131n mevcut ko\u015fullarla entegreli olmas\u0131 \u00f6nemine dikkat \u00e7eken Zoubi; kitap i\u00e7eri\u011finin nitelik a\u00e7\u0131s\u0131ndan geli\u015ftirilmesine ilaveten kitap okuma al\u0131\u015fkanl\u0131\u011f\u0131n\u0131n toplum i\u00e7inde peki\u015ftirilmesinde etkin ve modern mekanizmalar\u0131n \u00fcretilmesi gere\u011fine vurgu yapt\u0131.<\/p>\n<p>Suriye&#8217;nin tarih boyunca edebiyatta b\u00fcy\u00fck ba\u015far\u0131lara imza atm\u0131\u015f bir medeniyete sahip oldu\u011funa spot tutan Zoubi; tarihte ilk alfabenin Suriyeliler taraf\u0131ndan bulundu\u011funa, Suriye&#8217;nin k\u00fclt\u00fcr ve medeniyetin be\u015fi\u011fi oldu\u011funu ifade etti.<\/p>\n<p>Enformasyon Bakan\u0131 Zoubi; Suriye&#8217;ye y\u00f6nelik evrensel sava\u015fta Suriye&#8217;nin t\u00fcm bu zenginliklerinin hedeflerin ba\u015f\u0131nda yer ald\u0131\u011f\u0131na dikkat \u00e7ekerken, emperyalist s\u00f6m\u00fcr\u00fcc\u00fc g\u00fc\u00e7lerin karanl\u0131k ideolojilere sahip radikal ter\u00f6ristleri ve vatan hainlerini edat olarak kulland\u0131klar\u0131n\u0131 ifade etti.<\/p>\n<p>Etkinli\u011fe cumhurba\u015fkanl\u0131\u011f\u0131 siyasi ve bas\u0131n dan\u0131\u015fman\u0131 B\u00fcseyna \u015eaban, K\u00fclt\u00fcr Bakan\u0131 \u0130sam Halil, bakan yard\u0131mc\u0131lar\u0131, muhtelif sendika ba\u015fkanlar\u0131, e\u011fitim ve k\u00fclt\u00fcr kurum m\u00fcd\u00fcrleri, din alimleri, yay\u0131n evleri temsilcileri ve ayd\u0131nlar kat\u0131ld\u0131.<\/p>\n<div id='gallery-1' class='gallery galleryid-30730 gallery-columns-2 gallery-size-medium'><figure class='gallery-item'>\n\t\t\t<div class='gallery-icon landscape'>\n\t\t\t\t<a href='https:\/\/archive.sana.sy\/tr\/wp-content\/uploads\/2015\/04\/DSC0365.jpg'><img loading=\"lazy\" decoding=\"async\" width=\"300\" height=\"167\" src=\"https:\/\/archive.sana.sy\/tr\/wp-content\/uploads\/2015\/04\/DSC0365-300x167.jpg\" class=\"attachment-medium size-medium\" alt=\"\" srcset=\"https:\/\/archive.sana.sy\/tr\/wp-content\/uploads\/2015\/04\/DSC0365-300x167.jpg 300w, https:\/\/archive.sana.sy\/tr\/wp-content\/uploads\/2015\/04\/DSC0365-150x83.jpg 150w, https:\/\/archive.sana.sy\/tr\/wp-content\/uploads\/2015\/04\/DSC0365-1024x569.jpg 1024w\" sizes=\"auto, (max-width: 300px) 100vw, 300px\" \/><\/a>\n\t\t\t<\/div><\/figure><figure class='gallery-item'>\n\t\t\t<div class='gallery-icon landscape'>\n\t\t\t\t<a href='https:\/\/archive.sana.sy\/tr\/wp-content\/uploads\/2015\/04\/DSC0372.jpg'><img loading=\"lazy\" decoding=\"async\" width=\"300\" height=\"179\" src=\"https:\/\/archive.sana.sy\/tr\/wp-content\/uploads\/2015\/04\/DSC0372-300x179.jpg\" class=\"attachment-medium size-medium\" alt=\"\" srcset=\"https:\/\/archive.sana.sy\/tr\/wp-content\/uploads\/2015\/04\/DSC0372-300x179.jpg 300w, https:\/\/archive.sana.sy\/tr\/wp-content\/uploads\/2015\/04\/DSC0372-150x90.jpg 150w, https:\/\/archive.sana.sy\/tr\/wp-content\/uploads\/2015\/04\/DSC0372-1024x612.jpg 1024w\" sizes=\"auto, (max-width: 300px) 100vw, 300px\" \/><\/a>\n\t\t\t<\/div><\/figure><figure class='gallery-item'>\n\t\t\t<div class='gallery-icon landscape'>\n\t\t\t\t<a href='https:\/\/archive.sana.sy\/tr\/wp-content\/uploads\/2015\/04\/DSC0325.jpg'><img loading=\"lazy\" decoding=\"async\" width=\"300\" height=\"179\" src=\"https:\/\/archive.sana.sy\/tr\/wp-content\/uploads\/2015\/04\/DSC0325-300x179.jpg\" class=\"attachment-medium size-medium\" alt=\"\" srcset=\"https:\/\/archive.sana.sy\/tr\/wp-content\/uploads\/2015\/04\/DSC0325-300x179.jpg 300w, https:\/\/archive.sana.sy\/tr\/wp-content\/uploads\/2015\/04\/DSC0325-150x90.jpg 150w, https:\/\/archive.sana.sy\/tr\/wp-content\/uploads\/2015\/04\/DSC0325-1024x612.jpg 1024w\" sizes=\"auto, (max-width: 300px) 100vw, 300px\" \/><\/a>\n\t\t\t<\/div><\/figure><figure class='gallery-item'>\n\t\t\t<div class='gallery-icon landscape'>\n\t\t\t\t<a href='https:\/\/archive.sana.sy\/tr\/wp-content\/uploads\/2015\/04\/DSC0329.jpg'><img loading=\"lazy\" decoding=\"async\" width=\"300\" height=\"159\" src=\"https:\/\/archive.sana.sy\/tr\/wp-content\/uploads\/2015\/04\/DSC0329-300x159.jpg\" class=\"attachment-medium size-medium\" alt=\"\" srcset=\"https:\/\/archive.sana.sy\/tr\/wp-content\/uploads\/2015\/04\/DSC0329-300x160.jpg 300w, https:\/\/archive.sana.sy\/tr\/wp-content\/uploads\/2015\/04\/DSC0329-150x79.jpg 150w, https:\/\/archive.sana.sy\/tr\/wp-content\/uploads\/2015\/04\/DSC0329-1024x542.jpg 1024w, https:\/\/archive.sana.sy\/tr\/wp-content\/uploads\/2015\/04\/DSC0329-620x330.jpg 620w\" sizes=\"auto, (max-width: 300px) 100vw, 300px\" \/><\/a>\n\t\t\t<\/div><\/figure><figure class='gallery-item'>\n\t\t\t<div class='gallery-icon landscape'>\n\t\t\t\t<a href='https:\/\/archive.sana.sy\/tr\/wp-content\/uploads\/2015\/04\/DSC0334.jpg'><img loading=\"lazy\" decoding=\"async\" width=\"300\" height=\"162\" src=\"https:\/\/archive.sana.sy\/tr\/wp-content\/uploads\/2015\/04\/DSC0334-300x162.jpg\" class=\"attachment-medium size-medium\" alt=\"\" srcset=\"https:\/\/archive.sana.sy\/tr\/wp-content\/uploads\/2015\/04\/DSC0334-300x162.jpg 300w, https:\/\/archive.sana.sy\/tr\/wp-content\/uploads\/2015\/04\/DSC0334-150x81.jpg 150w, https:\/\/archive.sana.sy\/tr\/wp-content\/uploads\/2015\/04\/DSC0334-1024x553.jpg 1024w\" sizes=\"auto, (max-width: 300px) 100vw, 300px\" \/><\/a>\n\t\t\t<\/div><\/figure><figure class='gallery-item'>\n\t\t\t<div class='gallery-icon landscape'>\n\t\t\t\t<a href='https:\/\/archive.sana.sy\/tr\/wp-content\/uploads\/2015\/04\/DSC0338.jpg'><img loading=\"lazy\" decoding=\"async\" width=\"300\" height=\"182\" src=\"https:\/\/archive.sana.sy\/tr\/wp-content\/uploads\/2015\/04\/DSC0338-300x182.jpg\" class=\"attachment-medium size-medium\" alt=\"\" srcset=\"https:\/\/archive.sana.sy\/tr\/wp-content\/uploads\/2015\/04\/DSC0338-300x182.jpg 300w, https:\/\/archive.sana.sy\/tr\/wp-content\/uploads\/2015\/04\/DSC0338-150x91.jpg 150w, https:\/\/archive.sana.sy\/tr\/wp-content\/uploads\/2015\/04\/DSC0338-1024x623.jpg 1024w\" sizes=\"auto, (max-width: 300px) 100vw, 300px\" \/><\/a>\n\t\t\t<\/div><\/figure><figure class='gallery-item'>\n\t\t\t<div class='gallery-icon landscape'>\n\t\t\t\t<a href='https:\/\/archive.sana.sy\/tr\/wp-content\/uploads\/2015\/04\/DSC0339.jpg'><img loading=\"lazy\" decoding=\"async\" width=\"300\" height=\"158\" src=\"https:\/\/archive.sana.sy\/tr\/wp-content\/uploads\/2015\/04\/DSC0339-300x158.jpg\" class=\"attachment-medium size-medium\" alt=\"\" srcset=\"https:\/\/archive.sana.sy\/tr\/wp-content\/uploads\/2015\/04\/DSC0339-300x158.jpg 300w, https:\/\/archive.sana.sy\/tr\/wp-content\/uploads\/2015\/04\/DSC0339-150x79.jpg 150w, https:\/\/archive.sana.sy\/tr\/wp-content\/uploads\/2015\/04\/DSC0339-1024x541.jpg 1024w\" sizes=\"auto, (max-width: 300px) 100vw, 300px\" \/><\/a>\n\t\t\t<\/div><\/figure><figure class='gallery-item'>\n\t\t\t<div class='gallery-icon landscape'>\n\t\t\t\t<a href='https:\/\/archive.sana.sy\/tr\/wp-content\/uploads\/2015\/04\/DSC0341.jpg'><img loading=\"lazy\" decoding=\"async\" width=\"300\" height=\"165\" src=\"https:\/\/archive.sana.sy\/tr\/wp-content\/uploads\/2015\/04\/DSC0341-300x165.jpg\" class=\"attachment-medium size-medium\" alt=\"\" srcset=\"https:\/\/archive.sana.sy\/tr\/wp-content\/uploads\/2015\/04\/DSC0341-300x165.jpg 300w, https:\/\/archive.sana.sy\/tr\/wp-content\/uploads\/2015\/04\/DSC0341-150x82.jpg 150w, https:\/\/archive.sana.sy\/tr\/wp-content\/uploads\/2015\/04\/DSC0341-1024x562.jpg 1024w\" sizes=\"auto, (max-width: 300px) 100vw, 300px\" \/><\/a>\n\t\t\t<\/div><\/figure><figure class='gallery-item'>\n\t\t\t<div class='gallery-icon landscape'>\n\t\t\t\t<a href='https:\/\/archive.sana.sy\/tr\/wp-content\/uploads\/2015\/04\/DSC0344.jpg'><img loading=\"lazy\" decoding=\"async\" width=\"300\" height=\"202\" src=\"https:\/\/archive.sana.sy\/tr\/wp-content\/uploads\/2015\/04\/DSC0344-300x202.jpg\" class=\"attachment-medium size-medium\" alt=\"\" srcset=\"https:\/\/archive.sana.sy\/tr\/wp-content\/uploads\/2015\/04\/DSC0344-300x202.jpg 300w, https:\/\/archive.sana.sy\/tr\/wp-content\/uploads\/2015\/04\/DSC0344-150x101.jpg 150w, https:\/\/archive.sana.sy\/tr\/wp-content\/uploads\/2015\/04\/DSC0344-1024x689.jpg 1024w\" sizes=\"auto, (max-width: 300px) 100vw, 300px\" \/><\/a>\n\t\t\t<\/div><\/figure><figure class='gallery-item'>\n\t\t\t<div class='gallery-icon landscape'>\n\t\t\t\t<a href='https:\/\/archive.sana.sy\/tr\/wp-content\/uploads\/2015\/04\/DSC0347.jpg'><img loading=\"lazy\" decoding=\"async\" width=\"300\" height=\"183\" src=\"https:\/\/archive.sana.sy\/tr\/wp-content\/uploads\/2015\/04\/DSC0347-300x183.jpg\" class=\"attachment-medium size-medium\" alt=\"\" srcset=\"https:\/\/archive.sana.sy\/tr\/wp-content\/uploads\/2015\/04\/DSC0347-300x183.jpg 300w, https:\/\/archive.sana.sy\/tr\/wp-content\/uploads\/2015\/04\/DSC0347-150x91.jpg 150w, https:\/\/archive.sana.sy\/tr\/wp-content\/uploads\/2015\/04\/DSC0347-1024x624.jpg 1024w\" sizes=\"auto, (max-width: 300px) 100vw, 300px\" \/><\/a>\n\t\t\t<\/div><\/figure><figure class='gallery-item'>\n\t\t\t<div class='gallery-icon landscape'>\n\t\t\t\t<a href='https:\/\/archive.sana.sy\/tr\/wp-content\/uploads\/2015\/04\/DSC0354.jpg'><img loading=\"lazy\" decoding=\"async\" width=\"300\" height=\"167\" src=\"https:\/\/archive.sana.sy\/tr\/wp-content\/uploads\/2015\/04\/DSC0354-300x167.jpg\" class=\"attachment-medium size-medium\" alt=\"\" srcset=\"https:\/\/archive.sana.sy\/tr\/wp-content\/uploads\/2015\/04\/DSC0354-300x167.jpg 300w, https:\/\/archive.sana.sy\/tr\/wp-content\/uploads\/2015\/04\/DSC0354-150x84.jpg 150w, https:\/\/archive.sana.sy\/tr\/wp-content\/uploads\/2015\/04\/DSC0354-1024x570.jpg 1024w\" sizes=\"auto, (max-width: 300px) 100vw, 300px\" \/><\/a>\n\t\t\t<\/div><\/figure>\n\t\t<\/div>\n\n<p>A.A.<\/p>\n","protected":false},"excerpt":{"rendered":"<p>\u015eAM \u2013 Enformasyon Bakanl\u0131\u011f\u0131 d\u00fcnya kitap g\u00fcn\u00fc m\u00fcnasebetiyle bug\u00fcn Suriye Yay\u0131nc\u0131lar Birli\u011fi ile i\u015fbirli\u011fi i\u00e7inde \u015eam\u2019daki Ulusal Esad K\u00fct\u00fcphanesinde \u2018Okuyan Toplum Geli\u015fen Toplumdur\u2019 slogan\u0131 alt\u0131nda etkinlik d\u00fczenledi. Etkinlik a\u00e7\u0131l\u0131\u015f\u0131nda konu\u015fan Enformasyon Bakan\u0131 Omran el Zoubi; ulusalc\u0131 mant\u0131\u011fa hitap etmesi itibar\u0131yla e\u011fitim ve \u00f6\u011fretim kitaplar\u0131n\u0131n \u00f6nemine i\u015faret ederken, kitap okuma al\u0131\u015fkanl\u0131\u011f\u0131n\u0131n insani her a\u00e7\u0131dan geli\u015ftirece\u011fini belirtti. &hellip;<\/p>\n","protected":false},"author":1,"featured_media":30746,"comment_status":"closed","ping_status":"closed","sticky":false,"template":"","format":"standard","meta":{"footnotes":""},"categories":[596,516,479,511,478],"tags":[13978],"class_list":["post-30730","post","type-post","status-publish","format-standard","has-post-thumbnail","","category-fotografli-raporlar","category-haberler-kultur-ve-sanat","category-haberler-yerel","category-kultur-ve-sanat","category-yerel","tag-sam-enformasyon-bakanligi-dunya-kitap-gunu-munasebetiyle-bugun-suriye-yayincilar-birligi-ile-isbirligi-icinde-samdaki-ulusal-esad-kutuphanesinde-okuyan-toplum-gelisen-toplu"],"_links":{"self":[{"href":"https:\/\/archive.sana.sy\/tr\/index.php?rest_route=\/wp\/v2\/posts\/30730","targetHints":{"allow":["GET"]}}],"collection":[{"href":"https:\/\/archive.sana.sy\/tr\/index.php?rest_route=\/wp\/v2\/posts"}],"about":[{"href":"https:\/\/archive.sana.sy\/tr\/index.php?rest_route=\/wp\/v2\/types\/post"}],"author":[{"embeddable":true,"href":"https:\/\/archive.sana.sy\/tr\/index.php?rest_route=\/wp\/v2\/users\/1"}],"replies":[{"embeddable":true,"href":"https:\/\/archive.sana.sy\/tr\/index.php?rest_route=%2Fwp%2Fv2%2Fcomments&post=30730"}],"version-history":[{"count":0,"href":"https:\/\/archive.sana.sy\/tr\/index.php?rest_route=\/wp\/v2\/posts\/30730\/revisions"}],"wp:featuredmedia":[{"embeddable":true,"href":"https:\/\/archive.sana.sy\/tr\/index.php?rest_route=\/wp\/v2\/media\/30746"}],"wp:attachment":[{"href":"https:\/\/archive.sana.sy\/tr\/index.php?rest_route=%2Fwp%2Fv2%2Fmedia&parent=30730"}],"wp:term":[{"taxonomy":"category","embeddable":true,"href":"https:\/\/archive.sana.sy\/tr\/index.php?rest_route=%2Fwp%2Fv2%2Fcategories&post=30730"},{"taxonomy":"post_tag","embeddable":true,"href":"https:\/\/archive.sana.sy\/tr\/index.php?rest_route=%2Fwp%2Fv2%2Ftags&post=30730"}],"curies":[{"name":"wp","href":"https:\/\/api.w.org\/{rel}","templated":true}]}}