{"id":307341,"date":"2024-08-25T10:18:38","date_gmt":"2024-08-25T07:18:38","guid":{"rendered":"https:\/\/sana.sy\/tr\/?p=307341"},"modified":"2024-08-27T11:43:46","modified_gmt":"2024-08-27T08:43:46","slug":"israilin-deyir-el-balaha-yonelik-isgal-saldirganligida-6-sehit-ve-cok-sayida-yarali","status":"publish","type":"post","link":"https:\/\/archive.sana.sy\/tr\/?p=307341","title":{"rendered":"\u0130srail&#8217;in Deyir El Balah&#8217;a Y\u00f6nelik \u0130\u015fgal Sald\u0131rganl\u0131\u011f\u0131da 6 \u015eehit Ve \u00c7ok Say\u0131da Yaral\u0131"},"content":{"rendered":"<p style=\"text-align: justify;\"><strong>\u0130\u015eGAL ED\u0130LEN KUD\u00dcS (SANA)<\/strong> &#8211;\u00a0 Gazze \u015eeridi&#8217;nin merkezinde yer alan Deyir El Balah kentine bug\u00fcn sabah saatlerinde d\u00fczenlenen i\u015fgal bombard\u0131man\u0131 sonucu 6 Filistinli \u015fehit oldu, \u00e7ok say\u0131da ki\u015fi de yaraland\u0131.<\/p>\n<p style=\"text-align: justify;\">Wafa Ajans\u0131, \u0130srail i\u015fgal u\u00e7aklar\u0131n\u0131n Gazze \u015eeridi&#8217;nin merkezindeki Deyir El Balah kentinin El Hakar b\u00f6lgesinde bir evi bombalayarak 6 Filistinlinin \u00f6ld\u00fc\u011f\u00fcn\u00fc, 6 Filistinlinin de yaraland\u0131\u011f\u0131n\u0131 bildirdi.<\/p>\n<p style=\"text-align: justify;\">\u0130\u015fgal top\u00e7ular\u0131 Gazze \u015eeridi&#8217;nin g\u00fcneyindeki Han Yunus \u015fehrinin kuzeydo\u011fusundaki El Karara kasabas\u0131n\u0131 da bombalad\u0131.<\/p>\n<p style=\"text-align: justify;\">\u0130\u015fgalin Gazze \u015eeridi&#8217;ne y\u00f6nelik sald\u0131r\u0131s\u0131nda hayat\u0131n\u0131 kaybedenlerin say\u0131s\u0131 40 bin 334 \u015fehit ve 93 bin 356 yaral\u0131ya y\u00fckselirken \u00a0\u00c7ok say\u0131da ma\u011fdur halen enkaz alt\u0131nda ve yollardayken, ambulans ve sivil savunma ekipleri onlara ula\u015fam\u0131yor.<\/p>\n<p style=\"text-align: center;\"><strong><a href=\"https:\/\/t.me\/SuriyeArapHaberAjansI\">Telegram Kanal\u0131m\u0131z\u00a0<\/a>||<a href=\"https:\/\/twitter.com\/arap_ajans\">X Platformumuz\u00a0<\/a>||<a href=\"https:\/\/www.facebook.com\/SANAHaberAjansi\/\">Facebook Sayfam\u0131z<\/a><\/strong><\/p>\n","protected":false},"excerpt":{"rendered":"<p>\u0130\u015eGAL ED\u0130LEN KUD\u00dcS (SANA) &#8211;\u00a0 Gazze \u015eeridi&#8217;nin merkezinde yer alan Deyir El Balah kentine bug\u00fcn sabah saatlerinde d\u00fczenlenen i\u015fgal bombard\u0131man\u0131 sonucu 6 Filistinli \u015fehit oldu, \u00e7ok say\u0131da ki\u015fi de yaraland\u0131. Wafa Ajans\u0131, \u0130srail i\u015fgal u\u00e7aklar\u0131n\u0131n Gazze \u015eeridi&#8217;nin merkezindeki Deyir El Balah kentinin El Hakar b\u00f6lgesinde bir evi bombalayarak 6 Filistinlinin \u00f6ld\u00fc\u011f\u00fcn\u00fc, 6 Filistinlinin de yaraland\u0131\u011f\u0131n\u0131 &hellip;<\/p>\n","protected":false},"author":41,"featured_media":307342,"comment_status":"closed","ping_status":"closed","sticky":false,"template":"","format":"standard","meta":{"footnotes":""},"categories":[458,459,17988],"tags":[],"class_list":["post-307341","post","type-post","status-publish","format-standard","has-post-thumbnail","","category-dunya1","category-haberler-arap-uluslararasi-politika","category-son-haberler"],"_links":{"self":[{"href":"https:\/\/archive.sana.sy\/tr\/index.php?rest_route=\/wp\/v2\/posts\/307341","targetHints":{"allow":["GET"]}}],"collection":[{"href":"https:\/\/archive.sana.sy\/tr\/index.php?rest_route=\/wp\/v2\/posts"}],"about":[{"href":"https:\/\/archive.sana.sy\/tr\/index.php?rest_route=\/wp\/v2\/types\/post"}],"author":[{"embeddable":true,"href":"https:\/\/archive.sana.sy\/tr\/index.php?rest_route=\/wp\/v2\/users\/41"}],"replies":[{"embeddable":true,"href":"https:\/\/archive.sana.sy\/tr\/index.php?rest_route=%2Fwp%2Fv2%2Fcomments&post=307341"}],"version-history":[{"count":1,"href":"https:\/\/archive.sana.sy\/tr\/index.php?rest_route=\/wp\/v2\/posts\/307341\/revisions"}],"predecessor-version":[{"id":307343,"href":"https:\/\/archive.sana.sy\/tr\/index.php?rest_route=\/wp\/v2\/posts\/307341\/revisions\/307343"}],"wp:featuredmedia":[{"embeddable":true,"href":"https:\/\/archive.sana.sy\/tr\/index.php?rest_route=\/wp\/v2\/media\/307342"}],"wp:attachment":[{"href":"https:\/\/archive.sana.sy\/tr\/index.php?rest_route=%2Fwp%2Fv2%2Fmedia&parent=307341"}],"wp:term":[{"taxonomy":"category","embeddable":true,"href":"https:\/\/archive.sana.sy\/tr\/index.php?rest_route=%2Fwp%2Fv2%2Fcategories&post=307341"},{"taxonomy":"post_tag","embeddable":true,"href":"https:\/\/archive.sana.sy\/tr\/index.php?rest_route=%2Fwp%2Fv2%2Ftags&post=307341"}],"curies":[{"name":"wp","href":"https:\/\/api.w.org\/{rel}","templated":true}]}}