{"id":30743,"date":"2015-04-23T15:35:07","date_gmt":"2015-04-23T12:35:07","guid":{"rendered":"http:\/\/www.sana.sy\/tr\/?p=30743"},"modified":"2015-04-23T15:35:07","modified_gmt":"2015-04-23T12:35:07","slug":"hava-kuvvetlerimiz-idlib-kirsalinda-sermin-kmeynas-ekseninde-terorist-ve-cephane-tasiyan-cok-sayida-araci-yukleriyle-imha-etti","status":"publish","type":"post","link":"https:\/\/archive.sana.sy\/tr\/?p=30743","title":{"rendered":"Hava kuvvetlerimiz \u0130dlib k\u0131rsal\u0131nda Sermin \u2013 Kmeynas ekseninde ter\u00f6rist ve cephane ta\u015f\u0131yan \u00e7ok say\u0131da arac\u0131 y\u00fckleriyle imha etti."},"content":{"rendered":"<p>Hava kuvvetlerimiz \u0130dlib k\u0131rsal\u0131nda Sermin \u2013 Kmeynas ekseninde ter\u00f6rist ve cephane ta\u015f\u0131yan \u00e7ok say\u0131da arac\u0131 y\u00fckleriyle imha etti.<\/p>\n","protected":false},"excerpt":{"rendered":"<p>Hava kuvvetlerimiz \u0130dlib k\u0131rsal\u0131nda Sermin \u2013 Kmeynas ekseninde ter\u00f6rist ve cephane ta\u015f\u0131yan \u00e7ok say\u0131da arac\u0131 y\u00fckleriyle imha etti.<\/p>\n","protected":false},"author":1,"featured_media":0,"comment_status":"closed","ping_status":"closed","sticky":false,"template":"","format":"standard","meta":{"footnotes":""},"categories":[1],"tags":[13979],"class_list":["post-30743","post","type-post","status-publish","format-standard","","category-news-not-sorted","tag-hava-kuvvetlerimiz-idlib-kirsalinda-sermin-kmeynas-ekseninde-terorist-ve-cephane-tasiyan-cok-sayida-araci-yukleriyle-imha-etti"],"_links":{"self":[{"href":"https:\/\/archive.sana.sy\/tr\/index.php?rest_route=\/wp\/v2\/posts\/30743","targetHints":{"allow":["GET"]}}],"collection":[{"href":"https:\/\/archive.sana.sy\/tr\/index.php?rest_route=\/wp\/v2\/posts"}],"about":[{"href":"https:\/\/archive.sana.sy\/tr\/index.php?rest_route=\/wp\/v2\/types\/post"}],"author":[{"embeddable":true,"href":"https:\/\/archive.sana.sy\/tr\/index.php?rest_route=\/wp\/v2\/users\/1"}],"replies":[{"embeddable":true,"href":"https:\/\/archive.sana.sy\/tr\/index.php?rest_route=%2Fwp%2Fv2%2Fcomments&post=30743"}],"version-history":[{"count":0,"href":"https:\/\/archive.sana.sy\/tr\/index.php?rest_route=\/wp\/v2\/posts\/30743\/revisions"}],"wp:attachment":[{"href":"https:\/\/archive.sana.sy\/tr\/index.php?rest_route=%2Fwp%2Fv2%2Fmedia&parent=30743"}],"wp:term":[{"taxonomy":"category","embeddable":true,"href":"https:\/\/archive.sana.sy\/tr\/index.php?rest_route=%2Fwp%2Fv2%2Fcategories&post=30743"},{"taxonomy":"post_tag","embeddable":true,"href":"https:\/\/archive.sana.sy\/tr\/index.php?rest_route=%2Fwp%2Fv2%2Ftags&post=30743"}],"curies":[{"name":"wp","href":"https:\/\/api.w.org\/{rel}","templated":true}]}}