{"id":307434,"date":"2024-08-27T09:23:24","date_gmt":"2024-08-27T06:23:24","guid":{"rendered":"https:\/\/sana.sy\/tr\/?p=307434"},"modified":"2024-09-06T09:01:28","modified_gmt":"2024-09-06T06:01:28","slug":"lubnan-direnisi-dusman-israilin-askerlerini-ve-karargahini-iki-hava-saldirisiyla-hedef-aldi","status":"publish","type":"post","link":"https:\/\/archive.sana.sy\/tr\/?p=307434","title":{"rendered":"L\u00fcbnan Direni\u015fi D\u00fc\u015fman \u0130srail&#8217;in Askerlerini Ve Karargah\u0131n\u0131 \u0130ki Hava Sald\u0131r\u0131s\u0131yla Hedef Ald\u0131"},"content":{"rendered":"<p style=\"text-align: justify;\"><strong>BEYRUT (SANA) \u2013<\/strong> L\u00fcbnan direni\u015fi, i\u015fgal edilen Filistin&#8217;in kuzeyindeki \u015era\u011fa K\u0131\u015flas\u0131&#8217;ndaki 146&#8217;nc\u0131 T\u00fcmen karargah\u0131 ve eyelet K\u0131\u015flas\u0131&#8217;ndaki 91&#8217;inci T\u00fcmen karargah\u0131n\u0131 iki grub h\u00fcc\u00fcm \u0130HA&#8217;lar\u0131yla \u0130srail d\u00fc\u015fman\u0131n\u0131 hedef alarak, do\u011frudan isabet elde etti.<\/p>\n<p style=\"text-align: justify;\">Direni\u015f, yapt\u0131\u011f\u0131 a\u00e7\u0131klamada, &#8220;Gazze \u015eeridi&#8217;ndeki kararl\u0131 Filistin halk\u0131m\u0131z\u0131n cesur ve onurlu direni\u015fine destek olarak ve d\u00fc\u015fman\u0131n Syda \u015fehrinde ger\u00e7ekle\u015ftirdi\u011fi sald\u0131r\u0131 ve suikastlara yan\u0131t olarak, Direni\u015f sava\u015f\u00e7\u0131lar\u0131, 146&#8217;nc\u0131 T\u00fcmen Komutanl\u0131\u011f\u0131&#8217;n\u0131n \u015era\u011fa K\u0131\u015flas\u0131&#8217;ndaki yeni karargah\u0131na bir grup h\u00fcc\u00fcm \u0130HA&#8217;lar\u0131yla hava sald\u0131r\u0131s\u0131 d\u00fczenleyerek, subay ve askerlerin yerlerini hedef ald\u0131 ve hedeflerini isabetli bir \u015fekilde vurdu&#8221; dedi.<\/p>\n<p style=\"text-align: justify;\">Direni\u015f, di\u011fer a\u00e7\u0131klamada, Ayelet K\u0131\u015flas\u0131&#8217;ndaki 91&#8217;inci T\u00fcmenin yeni karargah\u0131n\u0131 bir grup h\u00fcc\u00fcm \u0130HA&#8217;\u0131yla hedef ald\u0131\u011f\u0131n\u0131, bunun sonucunda subay ve askerler aras\u0131nda yaralanmalara yol a\u00e7t\u0131\u011f\u0131n\u0131 duyurdu<\/p>\n<p style=\"text-align: center;\"><strong><a href=\"https:\/\/t.me\/SuriyeArapHaberAjansI\">Telegram Kanal\u0131m\u0131z\u00a0<\/a>||<a href=\"https:\/\/twitter.com\/arap_ajans\">X Platformumuz\u00a0<\/a>||<a href=\"https:\/\/www.facebook.com\/SANAHaberAjansi\/\">Facebook Sayfam\u0131z<\/a><\/strong><\/p>\n","protected":false},"excerpt":{"rendered":"<p>BEYRUT (SANA) \u2013 L\u00fcbnan direni\u015fi, i\u015fgal edilen Filistin&#8217;in kuzeyindeki \u015era\u011fa K\u0131\u015flas\u0131&#8217;ndaki 146&#8217;nc\u0131 T\u00fcmen karargah\u0131 ve eyelet K\u0131\u015flas\u0131&#8217;ndaki 91&#8217;inci T\u00fcmen karargah\u0131n\u0131 iki grub h\u00fcc\u00fcm \u0130HA&#8217;lar\u0131yla \u0130srail d\u00fc\u015fman\u0131n\u0131 hedef alarak, do\u011frudan isabet elde etti. Direni\u015f, yapt\u0131\u011f\u0131 a\u00e7\u0131klamada, &#8220;Gazze \u015eeridi&#8217;ndeki kararl\u0131 Filistin halk\u0131m\u0131z\u0131n cesur ve onurlu direni\u015fine destek olarak ve d\u00fc\u015fman\u0131n Syda \u015fehrinde ger\u00e7ekle\u015ftirdi\u011fi sald\u0131r\u0131 ve suikastlara yan\u0131t &hellip;<\/p>\n","protected":false},"author":39,"featured_media":307435,"comment_status":"closed","ping_status":"closed","sticky":false,"template":"","format":"standard","meta":{"footnotes":""},"categories":[458,459,17988],"tags":[],"class_list":["post-307434","post","type-post","status-publish","format-standard","has-post-thumbnail","","category-dunya1","category-haberler-arap-uluslararasi-politika","category-son-haberler"],"_links":{"self":[{"href":"https:\/\/archive.sana.sy\/tr\/index.php?rest_route=\/wp\/v2\/posts\/307434","targetHints":{"allow":["GET"]}}],"collection":[{"href":"https:\/\/archive.sana.sy\/tr\/index.php?rest_route=\/wp\/v2\/posts"}],"about":[{"href":"https:\/\/archive.sana.sy\/tr\/index.php?rest_route=\/wp\/v2\/types\/post"}],"author":[{"embeddable":true,"href":"https:\/\/archive.sana.sy\/tr\/index.php?rest_route=\/wp\/v2\/users\/39"}],"replies":[{"embeddable":true,"href":"https:\/\/archive.sana.sy\/tr\/index.php?rest_route=%2Fwp%2Fv2%2Fcomments&post=307434"}],"version-history":[{"count":1,"href":"https:\/\/archive.sana.sy\/tr\/index.php?rest_route=\/wp\/v2\/posts\/307434\/revisions"}],"predecessor-version":[{"id":307436,"href":"https:\/\/archive.sana.sy\/tr\/index.php?rest_route=\/wp\/v2\/posts\/307434\/revisions\/307436"}],"wp:featuredmedia":[{"embeddable":true,"href":"https:\/\/archive.sana.sy\/tr\/index.php?rest_route=\/wp\/v2\/media\/307435"}],"wp:attachment":[{"href":"https:\/\/archive.sana.sy\/tr\/index.php?rest_route=%2Fwp%2Fv2%2Fmedia&parent=307434"}],"wp:term":[{"taxonomy":"category","embeddable":true,"href":"https:\/\/archive.sana.sy\/tr\/index.php?rest_route=%2Fwp%2Fv2%2Fcategories&post=307434"},{"taxonomy":"post_tag","embeddable":true,"href":"https:\/\/archive.sana.sy\/tr\/index.php?rest_route=%2Fwp%2Fv2%2Ftags&post=307434"}],"curies":[{"name":"wp","href":"https:\/\/api.w.org\/{rel}","templated":true}]}}