{"id":307437,"date":"2024-08-27T11:40:27","date_gmt":"2024-08-27T08:40:27","guid":{"rendered":"https:\/\/sana.sy\/tr\/?p=307437"},"modified":"2024-08-28T11:04:50","modified_gmt":"2024-08-28T08:04:50","slug":"aksa-tufani-operasyonu-bugunun-en-one-cikan-gelismeleri-235","status":"publish","type":"post","link":"https:\/\/archive.sana.sy\/tr\/?p=307437","title":{"rendered":"Aksa Tufan\u0131 Operasyonu\u2026 Bug\u00fcn\u00fcn En \u00d6ne \u00c7\u0131kan Geli\u015fmeleri"},"content":{"rendered":"<p style=\"text-align: justify;\"><strong>\u0130\u015eGAL ED\u0130LEN KUD\u00dcS (SANA) \u2013\u00a0<\/strong>Filistin direni\u015finin i\u015fgalci \u0130srail\u2019in sald\u0131rganl\u0131\u011f\u0131na yan\u0131t olarak 7 Ekim\u2019de ba\u015flatt\u0131\u011f\u0131 Aksa Tufan\u0131 Operasyonu\u2019nda \u00f6ne \u00e7\u0131kan geli\u015fmeler:<\/p>\n<ul>\n<li style=\"text-align: justify;\">\n<p style=\"text-align: justify;\">Filistin direni\u015fi, Gazze \u015eehri&#8217;ndeki Tel El Hava mahallesinin g\u00fcneyinde i\u015fgalci \u0130srail&#8217;e ait askeri ara\u00e7 taraf\u0131ndan \u00f6nceden yerle\u015ftirilen bombay\u0131 patlatt\u0131.<\/p>\n<\/li>\n<li style=\"text-align: justify;\">\n<p style=\"text-align: justify;\"><a href=\"https:\/\/www.sana.sy\/tr\/?p=307449\">Gazze \u015eeridi&#8217;nde soyk\u0131r\u0131m sava\u015f\u0131n\u0131n ba\u015flamas\u0131ndan bu yana 40.476 \u015fehit.<\/a><\/p>\n<\/li>\n<li style=\"text-align: justify;\">\n<p style=\"text-align: justify;\">Filistin medyas\u0131: \u0130\u015fgalci \u0130srail&#8217;in Gazze \u015eehri&#8217;ndeki El Zaytun mahallesini ve Gazze \u015eeridi&#8217;nin g\u00fcneyindeki merkezi Han Yunus b\u00f6lgesini bombalamas\u0131 sonucu \u015fehitler ve yaral\u0131lar.<\/p>\n<\/li>\n<li style=\"text-align: justify;\">\n<p style=\"text-align: justify;\">Filistin Sa\u011fl\u0131k Bakanl\u0131\u011f\u0131: Gazze \u015eeridi&#8217;nde 326&#8217;nc\u0131 g\u00fcn\u00fcnde devam eden i\u015fgal sald\u0131r\u0131s\u0131nda hayat\u0131n\u0131 kaybedenlerin say\u0131s\u0131 40 bin 476 \u015fehit ve 93 bin 647 yaral\u0131ya y\u00fckseldi.<\/p>\n<\/li>\n<li style=\"text-align: justify;\">\n<p style=\"text-align: justify;\">Filistin Sa\u011fl\u0131k Bakanl\u0131\u011f\u0131: \u0130srail i\u015fgali son 24 saatte Gazze \u015eeridi&#8217;nde 3 katliam ger\u00e7ekle\u015ftirerek 41 \u015fehit ve 113 yaral\u0131 b\u0131rakt\u0131.<\/p>\n<\/li>\n<li style=\"text-align: justify;\">\n<p style=\"text-align: justify;\">Filistin medyas\u0131: \u0130srail i\u015fgalinin Gazze \u015fehrinin g\u00fcneyindeki El-Zaytun mahallesinde bir grup Filistinliyi bombalamas\u0131 sonucu 3 \u015fehit ve \u00e7ok say\u0131da yaral\u0131.<\/p>\n<\/li>\n<li style=\"text-align: justify;\">\n<p style=\"text-align: justify;\">\u0130\u015fgalin Gazze \u015eeridi&#8217;ne y\u00f6nelik Sald\u0131rganl\u0131\u011f\u0131 sonucu 21 \u015fehit.<\/p>\n<\/li>\n<li style=\"text-align: justify;\">\n<p style=\"text-align: justify;\">Filistin medyas\u0131: Gazze \u015eeridi&#8217;nin g\u00fcneyindeki Han Yunus \u015fehrinin bat\u0131s\u0131nda \u0130srail i\u015fgalinin bombalamas\u0131 sonucu 4 \u015fehit ve \u00e7ok say\u0131da yaral\u0131.<\/p>\n<\/li>\n<\/ul>\n<p style=\"text-align: center;\"><strong><a href=\"https:\/\/t.me\/SuriyeArapHaberAjansI\">Telegram Kanal\u0131m\u0131z\u00a0<\/a>||<a href=\"https:\/\/twitter.com\/arap_ajans\">X Platformumuz\u00a0<\/a>||<a href=\"https:\/\/www.facebook.com\/SANAHaberAjansi\/\">Facebook Sayfam\u0131z<\/a><\/strong><\/p>\n","protected":false},"excerpt":{"rendered":"<p>\u0130\u015eGAL ED\u0130LEN KUD\u00dcS (SANA) \u2013\u00a0Filistin direni\u015finin i\u015fgalci \u0130srail\u2019in sald\u0131rganl\u0131\u011f\u0131na yan\u0131t olarak 7 Ekim\u2019de ba\u015flatt\u0131\u011f\u0131 Aksa Tufan\u0131 Operasyonu\u2019nda \u00f6ne \u00e7\u0131kan geli\u015fmeler: Filistin direni\u015fi, Gazze \u015eehri&#8217;ndeki Tel El Hava mahallesinin g\u00fcneyinde i\u015fgalci \u0130srail&#8217;e ait askeri ara\u00e7 taraf\u0131ndan \u00f6nceden yerle\u015ftirilen bombay\u0131 patlatt\u0131. Gazze \u015eeridi&#8217;nde soyk\u0131r\u0131m sava\u015f\u0131n\u0131n ba\u015flamas\u0131ndan bu yana 40.476 \u015fehit. Filistin medyas\u0131: \u0130\u015fgalci \u0130srail&#8217;in Gazze \u015eehri&#8217;ndeki El &hellip;<\/p>\n","protected":false},"author":39,"featured_media":307438,"comment_status":"closed","ping_status":"closed","sticky":false,"template":"","format":"standard","meta":{"footnotes":""},"categories":[458,459,17988],"tags":[40813],"class_list":["post-307437","post","type-post","status-publish","format-standard","has-post-thumbnail","","category-dunya1","category-haberler-arap-uluslararasi-politika","category-son-haberler","tag-aksa-tufani-operasyonu-bugunun-en-one-cikan-gelismeleri"],"_links":{"self":[{"href":"https:\/\/archive.sana.sy\/tr\/index.php?rest_route=\/wp\/v2\/posts\/307437","targetHints":{"allow":["GET"]}}],"collection":[{"href":"https:\/\/archive.sana.sy\/tr\/index.php?rest_route=\/wp\/v2\/posts"}],"about":[{"href":"https:\/\/archive.sana.sy\/tr\/index.php?rest_route=\/wp\/v2\/types\/post"}],"author":[{"embeddable":true,"href":"https:\/\/archive.sana.sy\/tr\/index.php?rest_route=\/wp\/v2\/users\/39"}],"replies":[{"embeddable":true,"href":"https:\/\/archive.sana.sy\/tr\/index.php?rest_route=%2Fwp%2Fv2%2Fcomments&post=307437"}],"version-history":[{"count":4,"href":"https:\/\/archive.sana.sy\/tr\/index.php?rest_route=\/wp\/v2\/posts\/307437\/revisions"}],"predecessor-version":[{"id":307452,"href":"https:\/\/archive.sana.sy\/tr\/index.php?rest_route=\/wp\/v2\/posts\/307437\/revisions\/307452"}],"wp:featuredmedia":[{"embeddable":true,"href":"https:\/\/archive.sana.sy\/tr\/index.php?rest_route=\/wp\/v2\/media\/307438"}],"wp:attachment":[{"href":"https:\/\/archive.sana.sy\/tr\/index.php?rest_route=%2Fwp%2Fv2%2Fmedia&parent=307437"}],"wp:term":[{"taxonomy":"category","embeddable":true,"href":"https:\/\/archive.sana.sy\/tr\/index.php?rest_route=%2Fwp%2Fv2%2Fcategories&post=307437"},{"taxonomy":"post_tag","embeddable":true,"href":"https:\/\/archive.sana.sy\/tr\/index.php?rest_route=%2Fwp%2Fv2%2Ftags&post=307437"}],"curies":[{"name":"wp","href":"https:\/\/api.w.org\/{rel}","templated":true}]}}