{"id":307444,"date":"2024-08-27T12:35:01","date_gmt":"2024-08-27T09:35:01","guid":{"rendered":"https:\/\/sana.sy\/tr\/?p=307444"},"modified":"2024-09-03T11:47:56","modified_gmt":"2024-09-03T08:47:56","slug":"dusman-israilin-lubnanin-guneyindeki-el-mecedil-ve-sihin-kasabalarina-duzenledigi-hava-saldirisinda-4-kisi-yaralandi","status":"publish","type":"post","link":"https:\/\/archive.sana.sy\/tr\/?p=307444","title":{"rendered":"D\u00fc\u015fman \u0130srail&#8217;in L\u00fcbnan&#8217;\u0131n G\u00fcneyindeki El Mecedil Ve \u015eihin Kasabalar\u0131na D\u00fczenledi\u011fi Hava Sald\u0131r\u0131s\u0131nda 4 Ki\u015fi Yaraland\u0131"},"content":{"rendered":"<p style=\"text-align: justify;\"><strong>BEYRUT (SANA) \u2013<\/strong> \u0130srail i\u015fgal g\u00fc\u00e7lerinin bug\u00fcn L\u00fcbnan&#8217;\u0131n g\u00fcneyindeki El Mecedil ve \u015eihin kasabalar\u0131na d\u00fczenledi\u011fi birka\u00e7 hava sald\u0131r\u0131s\u0131nda 4 L\u00fcbnan vatanda\u015f\u0131 yaraland\u0131.<\/p>\n<p style=\"text-align: justify;\">L\u00fcbnan Ulusal Haber Ajans\u0131&#8217;n\u0131n aktard\u0131\u011f\u0131na g\u00f6re, Halk Sa\u011fl\u0131\u011f\u0131 Bakanl\u0131\u011f\u0131 Sa\u011fl\u0131k Acil Durum Operasyon Merkezi&#8217;nden yap\u0131lan a\u00e7\u0131klamada \u015fu ifadelere yer verildi, &#8220;\u0130srail&#8217;in El Mecedil kasabas\u0131na d\u00fczenledi\u011fi hava sald\u0131r\u0131s\u0131nda \u00fc\u00e7 vatanda\u015f yaraland\u0131&#8221;.<\/p>\n<p style=\"text-align: justify;\">A\u00e7\u0131klamada ayr\u0131ca \u015fu ifadelere yer verildi: &#8221;\u015eihin kasabas\u0131na d\u00fczenlenen hava sald\u0131r\u0131s\u0131nda da bir ki\u015fi yaraland\u0131.&#8221;<\/p>\n<p style=\"text-align: center;\"><strong><a href=\"https:\/\/t.me\/SuriyeArapHaberAjansI\">Telegram Kanal\u0131m\u0131z\u00a0<\/a>||<a href=\"https:\/\/twitter.com\/arap_ajans\">X Platformumuz\u00a0<\/a>||<a href=\"https:\/\/www.facebook.com\/SANAHaberAjansi\/\">Facebook Sayfam\u0131z<\/a><\/strong><\/p>\n","protected":false},"excerpt":{"rendered":"<p>BEYRUT (SANA) \u2013 \u0130srail i\u015fgal g\u00fc\u00e7lerinin bug\u00fcn L\u00fcbnan&#8217;\u0131n g\u00fcneyindeki El Mecedil ve \u015eihin kasabalar\u0131na d\u00fczenledi\u011fi birka\u00e7 hava sald\u0131r\u0131s\u0131nda 4 L\u00fcbnan vatanda\u015f\u0131 yaraland\u0131. L\u00fcbnan Ulusal Haber Ajans\u0131&#8217;n\u0131n aktard\u0131\u011f\u0131na g\u00f6re, Halk Sa\u011fl\u0131\u011f\u0131 Bakanl\u0131\u011f\u0131 Sa\u011fl\u0131k Acil Durum Operasyon Merkezi&#8217;nden yap\u0131lan a\u00e7\u0131klamada \u015fu ifadelere yer verildi, &#8220;\u0130srail&#8217;in El Mecedil kasabas\u0131na d\u00fczenledi\u011fi hava sald\u0131r\u0131s\u0131nda \u00fc\u00e7 vatanda\u015f yaraland\u0131&#8221;. A\u00e7\u0131klamada ayr\u0131ca \u015fu &hellip;<\/p>\n","protected":false},"author":39,"featured_media":307445,"comment_status":"closed","ping_status":"closed","sticky":false,"template":"","format":"standard","meta":{"footnotes":""},"categories":[458,459,17988],"tags":[],"class_list":["post-307444","post","type-post","status-publish","format-standard","has-post-thumbnail","","category-dunya1","category-haberler-arap-uluslararasi-politika","category-son-haberler"],"_links":{"self":[{"href":"https:\/\/archive.sana.sy\/tr\/index.php?rest_route=\/wp\/v2\/posts\/307444","targetHints":{"allow":["GET"]}}],"collection":[{"href":"https:\/\/archive.sana.sy\/tr\/index.php?rest_route=\/wp\/v2\/posts"}],"about":[{"href":"https:\/\/archive.sana.sy\/tr\/index.php?rest_route=\/wp\/v2\/types\/post"}],"author":[{"embeddable":true,"href":"https:\/\/archive.sana.sy\/tr\/index.php?rest_route=\/wp\/v2\/users\/39"}],"replies":[{"embeddable":true,"href":"https:\/\/archive.sana.sy\/tr\/index.php?rest_route=%2Fwp%2Fv2%2Fcomments&post=307444"}],"version-history":[{"count":2,"href":"https:\/\/archive.sana.sy\/tr\/index.php?rest_route=\/wp\/v2\/posts\/307444\/revisions"}],"predecessor-version":[{"id":307454,"href":"https:\/\/archive.sana.sy\/tr\/index.php?rest_route=\/wp\/v2\/posts\/307444\/revisions\/307454"}],"wp:featuredmedia":[{"embeddable":true,"href":"https:\/\/archive.sana.sy\/tr\/index.php?rest_route=\/wp\/v2\/media\/307445"}],"wp:attachment":[{"href":"https:\/\/archive.sana.sy\/tr\/index.php?rest_route=%2Fwp%2Fv2%2Fmedia&parent=307444"}],"wp:term":[{"taxonomy":"category","embeddable":true,"href":"https:\/\/archive.sana.sy\/tr\/index.php?rest_route=%2Fwp%2Fv2%2Fcategories&post=307444"},{"taxonomy":"post_tag","embeddable":true,"href":"https:\/\/archive.sana.sy\/tr\/index.php?rest_route=%2Fwp%2Fv2%2Ftags&post=307444"}],"curies":[{"name":"wp","href":"https:\/\/api.w.org\/{rel}","templated":true}]}}