{"id":307478,"date":"2024-08-28T11:02:35","date_gmt":"2024-08-28T08:02:35","guid":{"rendered":"https:\/\/sana.sy\/tr\/?p=307478"},"modified":"2024-09-03T11:48:24","modified_gmt":"2024-09-03T08:48:24","slug":"aksa-tufani-operasyonu-bugunun-en-one-cikan-gelismeleri-236","status":"publish","type":"post","link":"https:\/\/archive.sana.sy\/tr\/?p=307478","title":{"rendered":"Aksa Tufan\u0131 Operasyonu\u2026 Bug\u00fcn\u00fcn En \u00d6ne \u00c7\u0131kan Geli\u015fmeleri"},"content":{"rendered":"<p><strong>\u0130\u015eGAL ED\u0130LEN KUD\u00dcS (SANA) \u2013\u00a0<\/strong>Filistin direni\u015finin i\u015fgalci \u0130srail\u2019in sald\u0131rganl\u0131\u011f\u0131na yan\u0131t olarak 7 Ekim\u2019de ba\u015flatt\u0131\u011f\u0131 Aksa Tufan\u0131 Operasyonu\u2019nda \u00f6ne \u00e7\u0131kan geli\u015fmeler:<\/p>\n<ul>\n<li>Filistin Sa\u011fl\u0131k Bakanl\u0131\u011f\u0131: Gazze \u015eeridi&#8217;nde 327. g\u00fcn\u00fcnde devam eden i\u015fgal sald\u0131rganl\u0131\u011f\u0131nda \u00f6lenlerin say\u0131s\u0131 40 bin 534 \u015fehit ve 93 bin 778 yaral\u0131ya y\u00fckseldi.<\/li>\n<li>Filistin Sa\u011fl\u0131k Bakanl\u0131\u011f\u0131: i\u015fgalci \u0130srail&#8217;in son 24 saatte Gazze \u015eeridi&#8217;nde 4 katliam ger\u00e7ekle\u015ftirdi\u011fi 58 \u015fehit ve 131 ki\u015fi yaraland\u0131.<\/li>\n<li><span style=\"color: #0000ff;\"><a style=\"color: #0000ff;\" href=\"https:\/\/www.sana.sy\/tr\/?p=307490\">\u0130srail\u2019in Gazze \u015eeridi\u2019ne Y\u00f6nelik Sald\u0131rganl\u0131\u011f\u0131n\u0131n 327. G\u00fcn\u00fcnde\u2026 17 \u015eehit, Onlarca Yaral\u0131<\/a><\/span><\/li>\n<li>Filistin medyas\u0131: i\u015fgalci \u0130srail&#8217;in bug\u00fcn \u015fafak vaktinden bu yana Gazze \u015eeridi&#8217;ni bombalamas\u0131 sonucu 17 \u015fehit ve \u00e7ok say\u0131da yaral\u0131.<\/li>\n<\/ul>\n<p style=\"text-align: center;\"><strong><a href=\"https:\/\/t.me\/SuriyeArapHaberAjansI\">Telegram Kanal\u0131m\u0131z\u00a0<\/a>||<a href=\"https:\/\/twitter.com\/arap_ajans\">X Platformumuz\u00a0<\/a>||<a href=\"https:\/\/www.facebook.com\/SANAHaberAjansi\/\">Facebook Sayfam\u0131z<\/a><\/strong><\/p>\n","protected":false},"excerpt":{"rendered":"<p>\u0130\u015eGAL ED\u0130LEN KUD\u00dcS (SANA) \u2013\u00a0Filistin direni\u015finin i\u015fgalci \u0130srail\u2019in sald\u0131rganl\u0131\u011f\u0131na yan\u0131t olarak 7 Ekim\u2019de ba\u015flatt\u0131\u011f\u0131 Aksa Tufan\u0131 Operasyonu\u2019nda \u00f6ne \u00e7\u0131kan geli\u015fmeler: Filistin Sa\u011fl\u0131k Bakanl\u0131\u011f\u0131: Gazze \u015eeridi&#8217;nde 327. g\u00fcn\u00fcnde devam eden i\u015fgal sald\u0131rganl\u0131\u011f\u0131nda \u00f6lenlerin say\u0131s\u0131 40 bin 534 \u015fehit ve 93 bin 778 yaral\u0131ya y\u00fckseldi. Filistin Sa\u011fl\u0131k Bakanl\u0131\u011f\u0131: i\u015fgalci \u0130srail&#8217;in son 24 saatte Gazze \u015eeridi&#8217;nde 4 katliam &hellip;<\/p>\n","protected":false},"author":39,"featured_media":307479,"comment_status":"closed","ping_status":"closed","sticky":false,"template":"","format":"standard","meta":{"footnotes":""},"categories":[458,459,17988],"tags":[],"class_list":["post-307478","post","type-post","status-publish","format-standard","has-post-thumbnail","","category-dunya1","category-haberler-arap-uluslararasi-politika","category-son-haberler"],"_links":{"self":[{"href":"https:\/\/archive.sana.sy\/tr\/index.php?rest_route=\/wp\/v2\/posts\/307478","targetHints":{"allow":["GET"]}}],"collection":[{"href":"https:\/\/archive.sana.sy\/tr\/index.php?rest_route=\/wp\/v2\/posts"}],"about":[{"href":"https:\/\/archive.sana.sy\/tr\/index.php?rest_route=\/wp\/v2\/types\/post"}],"author":[{"embeddable":true,"href":"https:\/\/archive.sana.sy\/tr\/index.php?rest_route=\/wp\/v2\/users\/39"}],"replies":[{"embeddable":true,"href":"https:\/\/archive.sana.sy\/tr\/index.php?rest_route=%2Fwp%2Fv2%2Fcomments&post=307478"}],"version-history":[{"count":3,"href":"https:\/\/archive.sana.sy\/tr\/index.php?rest_route=\/wp\/v2\/posts\/307478\/revisions"}],"predecessor-version":[{"id":307496,"href":"https:\/\/archive.sana.sy\/tr\/index.php?rest_route=\/wp\/v2\/posts\/307478\/revisions\/307496"}],"wp:featuredmedia":[{"embeddable":true,"href":"https:\/\/archive.sana.sy\/tr\/index.php?rest_route=\/wp\/v2\/media\/307479"}],"wp:attachment":[{"href":"https:\/\/archive.sana.sy\/tr\/index.php?rest_route=%2Fwp%2Fv2%2Fmedia&parent=307478"}],"wp:term":[{"taxonomy":"category","embeddable":true,"href":"https:\/\/archive.sana.sy\/tr\/index.php?rest_route=%2Fwp%2Fv2%2Fcategories&post=307478"},{"taxonomy":"post_tag","embeddable":true,"href":"https:\/\/archive.sana.sy\/tr\/index.php?rest_route=%2Fwp%2Fv2%2Ftags&post=307478"}],"curies":[{"name":"wp","href":"https:\/\/api.w.org\/{rel}","templated":true}]}}