{"id":307483,"date":"2024-08-28T11:43:50","date_gmt":"2024-08-28T08:43:50","guid":{"rendered":"https:\/\/sana.sy\/tr\/?p=307483"},"modified":"2024-09-03T11:48:24","modified_gmt":"2024-09-03T08:48:24","slug":"zakharova-vasingtonun-politikalari-orta-dogudaki-gerilimi-artirdi","status":"publish","type":"post","link":"https:\/\/archive.sana.sy\/tr\/?p=307483","title":{"rendered":"Zakharova: Va\u015fington&#8217;un Politikalar\u0131 Orta Do\u011fu&#8217;daki Gerilimi Art\u0131rd\u0131"},"content":{"rendered":"<p style=\"text-align: justify;\"><strong>MOSKOVA (SANA)<\/strong> \u2013 Rusya D\u0131\u015fi\u015fleri Bakanl\u0131\u011f\u0131 s\u00f6zc\u00fcs\u00fc Maria Zakharova, Ortado\u011fu&#8217;da artan gerilimin ABD&#8217;nin politikalar\u0131ndan ve b\u00f6lge \u00fczerindeki n\u00fcfuz ve hakimiyetini s\u00fcrd\u00fcrme arzusundan kaynakland\u0131\u011f\u0131n\u0131 vurgulad\u0131.<\/p>\n<p style=\"text-align: justify;\">Zakharova, Novosti Ajans\u0131&#8217;na yapt\u0131\u011f\u0131 a\u00e7\u0131klamalarda, Orta Do\u011fu&#8217;da \u015fu anda tan\u0131k oldu\u011fumuz tehlikeli gerilimin nedeninin, Washington&#8217;un b\u00f6lgedeki temel sorunlar\u0131 g\u00f6z ard\u0131 ederek kendi \u00e7\u0131karlar\u0131n\u0131 \u00f6ne \u00e7\u0131karma arzusu oldu\u011funu a\u00e7\u0131klad\u0131.<\/p>\n<p style=\"text-align: justify;\">Rusya D\u0131\u015fi\u015fleri Bakanl\u0131\u011f\u0131 s\u00f6zc\u00fcs\u00fc Maria Zakharova, mevcut gerilimin temel nedenlerinin \u00e7\u00f6z\u00fclmemi\u015f Filistin meselesinin yan\u0131 s\u0131ra uluslararas\u0131 toplumun Gazze \u015eeridi&#8217;nde Filistinlilere y\u00f6nelik kan d\u00f6k\u00fclmesini durduramamas\u0131yla ilgili oldu\u011funa dikkat \u00e7ekerek, Orta Do\u011fu&#8217;daki tehlikeli gerilimin b\u00fcy\u00fck bir sava\u015fa yol a\u00e7abilece\u011fi uyar\u0131s\u0131nda bulundu.<\/p>\n<p>&nbsp;<\/p>\n","protected":false},"excerpt":{"rendered":"<p>MOSKOVA (SANA) \u2013 Rusya D\u0131\u015fi\u015fleri Bakanl\u0131\u011f\u0131 s\u00f6zc\u00fcs\u00fc Maria Zakharova, Ortado\u011fu&#8217;da artan gerilimin ABD&#8217;nin politikalar\u0131ndan ve b\u00f6lge \u00fczerindeki n\u00fcfuz ve hakimiyetini s\u00fcrd\u00fcrme arzusundan kaynakland\u0131\u011f\u0131n\u0131 vurgulad\u0131. Zakharova, Novosti Ajans\u0131&#8217;na yapt\u0131\u011f\u0131 a\u00e7\u0131klamalarda, Orta Do\u011fu&#8217;da \u015fu anda tan\u0131k oldu\u011fumuz tehlikeli gerilimin nedeninin, Washington&#8217;un b\u00f6lgedeki temel sorunlar\u0131 g\u00f6z ard\u0131 ederek kendi \u00e7\u0131karlar\u0131n\u0131 \u00f6ne \u00e7\u0131karma arzusu oldu\u011funu a\u00e7\u0131klad\u0131. Rusya D\u0131\u015fi\u015fleri Bakanl\u0131\u011f\u0131 &hellip;<\/p>\n","protected":false},"author":39,"featured_media":307484,"comment_status":"closed","ping_status":"closed","sticky":false,"template":"","format":"standard","meta":{"footnotes":""},"categories":[458,459,17988],"tags":[],"class_list":["post-307483","post","type-post","status-publish","format-standard","has-post-thumbnail","","category-dunya1","category-haberler-arap-uluslararasi-politika","category-son-haberler"],"_links":{"self":[{"href":"https:\/\/archive.sana.sy\/tr\/index.php?rest_route=\/wp\/v2\/posts\/307483","targetHints":{"allow":["GET"]}}],"collection":[{"href":"https:\/\/archive.sana.sy\/tr\/index.php?rest_route=\/wp\/v2\/posts"}],"about":[{"href":"https:\/\/archive.sana.sy\/tr\/index.php?rest_route=\/wp\/v2\/types\/post"}],"author":[{"embeddable":true,"href":"https:\/\/archive.sana.sy\/tr\/index.php?rest_route=\/wp\/v2\/users\/39"}],"replies":[{"embeddable":true,"href":"https:\/\/archive.sana.sy\/tr\/index.php?rest_route=%2Fwp%2Fv2%2Fcomments&post=307483"}],"version-history":[{"count":1,"href":"https:\/\/archive.sana.sy\/tr\/index.php?rest_route=\/wp\/v2\/posts\/307483\/revisions"}],"predecessor-version":[{"id":307485,"href":"https:\/\/archive.sana.sy\/tr\/index.php?rest_route=\/wp\/v2\/posts\/307483\/revisions\/307485"}],"wp:featuredmedia":[{"embeddable":true,"href":"https:\/\/archive.sana.sy\/tr\/index.php?rest_route=\/wp\/v2\/media\/307484"}],"wp:attachment":[{"href":"https:\/\/archive.sana.sy\/tr\/index.php?rest_route=%2Fwp%2Fv2%2Fmedia&parent=307483"}],"wp:term":[{"taxonomy":"category","embeddable":true,"href":"https:\/\/archive.sana.sy\/tr\/index.php?rest_route=%2Fwp%2Fv2%2Fcategories&post=307483"},{"taxonomy":"post_tag","embeddable":true,"href":"https:\/\/archive.sana.sy\/tr\/index.php?rest_route=%2Fwp%2Fv2%2Ftags&post=307483"}],"curies":[{"name":"wp","href":"https:\/\/api.w.org\/{rel}","templated":true}]}}