{"id":307486,"date":"2024-08-28T12:15:42","date_gmt":"2024-08-28T09:15:42","guid":{"rendered":"https:\/\/sana.sy\/tr\/?p=307486"},"modified":"2024-09-03T11:48:24","modified_gmt":"2024-09-03T08:48:24","slug":"hizbullah-direnisin-fedakarliklari-lubnan-ordusu-ve-suriye-arap-ordusu-tekfirci-teroristleri-maglup-ederek-ikinci-kurtulusu-elde-etti","status":"publish","type":"post","link":"https:\/\/archive.sana.sy\/tr\/?p=307486","title":{"rendered":"Hizbullah, Direni\u015fin, L\u00fcbnan Ordusu&#8217;nun Ve Suriye Arap Ordusu&#8217;nun Fedakarl\u0131klar\u0131, Tekfirci Ter\u00f6ristleri Yenerek \u0130kinci Kurtulu\u015fu Ger\u00e7ekle\u015ftirdi"},"content":{"rendered":"<p style=\"text-align: justify;\"><strong>BEYRUT (SANA)\u00a0 &#8211;<\/strong> L\u00fcbnan&#8217;daki Hizbullah, direni\u015fin, L\u00fcbnan Ordusu&#8217;nun ve Suriye Arap Ordusu&#8217;nun fedakarl\u0131klar\u0131 ile L\u00fcbnan s\u0131n\u0131rlar\u0131ndaki Tekfirci ter\u00f6ristleri ma\u011flup etti\u011fini vurgulayarak, G\u00fcneyi \u0130srail d\u00fc\u015fman\u0131n\u0131n i\u011fren\u00e7li\u011finden kurtard\u0131ktan sonra ikinci kurtulu\u015funu elde etti. \u200f<\/p>\n<p style=\"text-align: justify;\">Hizbullah, ikinci kurtulu\u015fun yedinci y\u0131ld\u00f6n\u00fcm\u00fc m\u00fcnasebetiyle yapt\u0131\u011f\u0131 a\u00e7\u0131klamada, 28 A\u011fustos&#8217;un L\u00fcbnan&#8217;\u0131n, halk\u0131n\u0131n ve ordusunun zaferini, silahl\u0131 tekfirci gruplara kar\u015f\u0131 direni\u015fini ve onlar\u0131n \u00fclke s\u0131n\u0131rlar\u0131ndan at\u0131lmas\u0131n\u0131 temsil etti\u011fini, ger\u00e7ek ulusal birlik kavram\u0131n\u0131 en iyi haliyle yeniden kurmak ve bundan sald\u0131r\u0131 ve i\u015fgale kar\u015f\u0131 koymada en derin ve en b\u00fcy\u00fck dersleri \u00f6\u011frenmek bizim i\u00e7in tarihi bir f\u0131rsat oldu\u011funu ifade etti.<\/p>\n<p style=\"text-align: justify;\">A\u00e7\u0131klamada ayr\u0131ca \u015fu ifadelere yer verildi: &#8220;Direni\u015f, L\u00fcbnan ordusu ve Suriye \u0650Arap ordusunun y\u00fcr\u00fctt\u00fc\u011f\u00fc kurtulu\u015f sava\u015f\u0131, L\u00fcbnan&#8217;\u0131n, Siyonist-Amerikan projesine hizmet eden, L\u00fcbnan&#8217;\u0131n g\u00fcvenlik ve istikrar\u0131n\u0131, b\u00f6lgemizin g\u00fcvenli\u011fini tehdit eden tekfirci gruplar\u0131n ter\u00f6rizminden kurtulmas\u0131na yol a\u00e7t\u0131. Bu y\u0131l y\u0131ld\u00f6n\u00fcm\u00fcn\u00fcn Aksa tufan\u0131 ve direnen Filistin halk\u0131n\u0131n \u00fcstlendi\u011fi kahramanl\u0131k destan\u0131 \u0131\u015f\u0131\u011f\u0131nda ger\u00e7ekle\u015fti\u011fini, bu \u00e7izgide ve yolda devam etme konusunda her zamankinden daha kararl\u0131 olduklar\u0131n\u0131 a\u00e7\u0131klad\u0131&#8221;.<\/p>\n<p style=\"text-align: center;\"><strong><a href=\"https:\/\/t.me\/SuriyeArapHaberAjansI\">Telegram Kanal\u0131m\u0131z\u00a0<\/a>||<a href=\"https:\/\/twitter.com\/arap_ajans\">X Platformumuz\u00a0<\/a>||<a href=\"https:\/\/www.facebook.com\/SANAHaberAjansi\/\">Facebook Sayfam\u0131z<\/a><\/strong><\/p>\n","protected":false},"excerpt":{"rendered":"<p>BEYRUT (SANA)\u00a0 &#8211; L\u00fcbnan&#8217;daki Hizbullah, direni\u015fin, L\u00fcbnan Ordusu&#8217;nun ve Suriye Arap Ordusu&#8217;nun fedakarl\u0131klar\u0131 ile L\u00fcbnan s\u0131n\u0131rlar\u0131ndaki Tekfirci ter\u00f6ristleri ma\u011flup etti\u011fini vurgulayarak, G\u00fcneyi \u0130srail d\u00fc\u015fman\u0131n\u0131n i\u011fren\u00e7li\u011finden kurtard\u0131ktan sonra ikinci kurtulu\u015funu elde etti. \u200f Hizbullah, ikinci kurtulu\u015fun yedinci y\u0131ld\u00f6n\u00fcm\u00fc m\u00fcnasebetiyle yapt\u0131\u011f\u0131 a\u00e7\u0131klamada, 28 A\u011fustos&#8217;un L\u00fcbnan&#8217;\u0131n, halk\u0131n\u0131n ve ordusunun zaferini, silahl\u0131 tekfirci gruplara kar\u015f\u0131 direni\u015fini ve onlar\u0131n \u00fclke &hellip;<\/p>\n","protected":false},"author":39,"featured_media":307488,"comment_status":"closed","ping_status":"closed","sticky":false,"template":"","format":"standard","meta":{"footnotes":""},"categories":[458,459,17988],"tags":[],"class_list":["post-307486","post","type-post","status-publish","format-standard","has-post-thumbnail","","category-dunya1","category-haberler-arap-uluslararasi-politika","category-son-haberler"],"_links":{"self":[{"href":"https:\/\/archive.sana.sy\/tr\/index.php?rest_route=\/wp\/v2\/posts\/307486","targetHints":{"allow":["GET"]}}],"collection":[{"href":"https:\/\/archive.sana.sy\/tr\/index.php?rest_route=\/wp\/v2\/posts"}],"about":[{"href":"https:\/\/archive.sana.sy\/tr\/index.php?rest_route=\/wp\/v2\/types\/post"}],"author":[{"embeddable":true,"href":"https:\/\/archive.sana.sy\/tr\/index.php?rest_route=\/wp\/v2\/users\/39"}],"replies":[{"embeddable":true,"href":"https:\/\/archive.sana.sy\/tr\/index.php?rest_route=%2Fwp%2Fv2%2Fcomments&post=307486"}],"version-history":[{"count":3,"href":"https:\/\/archive.sana.sy\/tr\/index.php?rest_route=\/wp\/v2\/posts\/307486\/revisions"}],"predecessor-version":[{"id":307519,"href":"https:\/\/archive.sana.sy\/tr\/index.php?rest_route=\/wp\/v2\/posts\/307486\/revisions\/307519"}],"wp:featuredmedia":[{"embeddable":true,"href":"https:\/\/archive.sana.sy\/tr\/index.php?rest_route=\/wp\/v2\/media\/307488"}],"wp:attachment":[{"href":"https:\/\/archive.sana.sy\/tr\/index.php?rest_route=%2Fwp%2Fv2%2Fmedia&parent=307486"}],"wp:term":[{"taxonomy":"category","embeddable":true,"href":"https:\/\/archive.sana.sy\/tr\/index.php?rest_route=%2Fwp%2Fv2%2Fcategories&post=307486"},{"taxonomy":"post_tag","embeddable":true,"href":"https:\/\/archive.sana.sy\/tr\/index.php?rest_route=%2Fwp%2Fv2%2Ftags&post=307486"}],"curies":[{"name":"wp","href":"https:\/\/api.w.org\/{rel}","templated":true}]}}