{"id":30749,"date":"2015-04-23T17:41:18","date_gmt":"2015-04-23T14:41:18","guid":{"rendered":"http:\/\/www.sana.sy\/tr\/?p=30749"},"modified":"2015-04-23T17:41:18","modified_gmt":"2015-04-23T14:41:18","slug":"tartusta-geleneksel-kulturel-ve-sanatsal-bir-bulusma","status":"publish","type":"post","link":"https:\/\/archive.sana.sy\/tr\/?p=30749","title":{"rendered":"Tartus\u2019ta Geleneksel K\u00fclt\u00fcrel ve Sanatsal Bir Bulu\u015fma"},"content":{"rendered":"<p>TARTUS \u2013 Tartus\u2019ta bu y\u0131l 18.\u2019si d\u00fczenlenen Geleneksel \u015eeyh M\u00fccahit Salih el Ali Festivali her y\u0131l Tartuslular i\u00e7in k\u00fclt\u00fcrel, sanatsal ve toplumsal bir bulu\u015fma te\u015fkil ediyor.<\/p>\n<p>Tartus\u2019un \u015eeyh Bedir B\u00f6lgesinde d\u00fczenlenen festivalde; \u015fiir dinletileri, resim-heykel-el i\u015fi sergileri, seminerler ve geleneksel zanaat \u00fcr\u00fcnlerinin sergilendi\u011fi stantlar\u0131n yan\u0131 s\u0131ra konserler ve tiyatro g\u00f6sterileri gibi etkinlikler yer ald\u0131.<\/p>\n<p>\u015eeyh M\u00fccahit Salih Ali\u2019nin an\u0131t\u0131n\u0131n bulundu\u011fu meydanda 10 heykelt\u0131ra\u015f\u0131n kat\u0131l\u0131m\u0131yla haz\u0131rlanan \u201cDireni\u015f Haf\u0131zas\u0131\u201d ba\u015fl\u0131kl\u0131 heykel sergisi ziyaret\u00e7ileri bir yandan b\u00fcy\u00fck bir yetenek ve hayal g\u00fcc\u00fcn\u00fcn \u00fcr\u00fcn\u00fc olan eserleri be\u011feniyle izlerken di\u011fer yandan sanat\u00e7\u0131lar\u0131n kendi eserleriyle ilgili anlat\u0131mlar\u0131n\u0131 dinlediler.<\/p>\n<p>F. B. &#8211; M.M.<\/p>\n","protected":false},"excerpt":{"rendered":"<p>TARTUS \u2013 Tartus\u2019ta bu y\u0131l 18.\u2019si d\u00fczenlenen Geleneksel \u015eeyh M\u00fccahit Salih el Ali Festivali her y\u0131l Tartuslular i\u00e7in k\u00fclt\u00fcrel, sanatsal ve toplumsal bir bulu\u015fma te\u015fkil ediyor. Tartus\u2019un \u015eeyh Bedir B\u00f6lgesinde d\u00fczenlenen festivalde; \u015fiir dinletileri, resim-heykel-el i\u015fi sergileri, seminerler ve geleneksel zanaat \u00fcr\u00fcnlerinin sergilendi\u011fi stantlar\u0131n yan\u0131 s\u0131ra konserler ve tiyatro g\u00f6sterileri gibi etkinlikler yer ald\u0131. \u015eeyh &hellip;<\/p>\n","protected":false},"author":1,"featured_media":30751,"comment_status":"closed","ping_status":"closed","sticky":false,"template":"","format":"standard","meta":{"footnotes":""},"categories":[516,511],"tags":[13980],"class_list":["post-30749","post","type-post","status-publish","format-standard","has-post-thumbnail","","category-haberler-kultur-ve-sanat","category-kultur-ve-sanat","tag-tartusta-geleneksel-kulturel-ve-sanatsal-bir-bulusma"],"_links":{"self":[{"href":"https:\/\/archive.sana.sy\/tr\/index.php?rest_route=\/wp\/v2\/posts\/30749","targetHints":{"allow":["GET"]}}],"collection":[{"href":"https:\/\/archive.sana.sy\/tr\/index.php?rest_route=\/wp\/v2\/posts"}],"about":[{"href":"https:\/\/archive.sana.sy\/tr\/index.php?rest_route=\/wp\/v2\/types\/post"}],"author":[{"embeddable":true,"href":"https:\/\/archive.sana.sy\/tr\/index.php?rest_route=\/wp\/v2\/users\/1"}],"replies":[{"embeddable":true,"href":"https:\/\/archive.sana.sy\/tr\/index.php?rest_route=%2Fwp%2Fv2%2Fcomments&post=30749"}],"version-history":[{"count":0,"href":"https:\/\/archive.sana.sy\/tr\/index.php?rest_route=\/wp\/v2\/posts\/30749\/revisions"}],"wp:featuredmedia":[{"embeddable":true,"href":"https:\/\/archive.sana.sy\/tr\/index.php?rest_route=\/wp\/v2\/media\/30751"}],"wp:attachment":[{"href":"https:\/\/archive.sana.sy\/tr\/index.php?rest_route=%2Fwp%2Fv2%2Fmedia&parent=30749"}],"wp:term":[{"taxonomy":"category","embeddable":true,"href":"https:\/\/archive.sana.sy\/tr\/index.php?rest_route=%2Fwp%2Fv2%2Fcategories&post=30749"},{"taxonomy":"post_tag","embeddable":true,"href":"https:\/\/archive.sana.sy\/tr\/index.php?rest_route=%2Fwp%2Fv2%2Ftags&post=30749"}],"curies":[{"name":"wp","href":"https:\/\/api.w.org\/{rel}","templated":true}]}}