{"id":307490,"date":"2024-08-28T12:58:39","date_gmt":"2024-08-28T09:58:39","guid":{"rendered":"https:\/\/sana.sy\/tr\/?p=307490"},"modified":"2024-09-03T11:48:24","modified_gmt":"2024-09-03T08:48:24","slug":"israilin-gazze-seridine-yonelik-saldirganliginin-327-gununde-17-sehit-onlarca-yarali","status":"publish","type":"post","link":"https:\/\/archive.sana.sy\/tr\/?p=307490","title":{"rendered":"\u0130srail&#8217;in Gazze \u015eeridi&#8217;ne Y\u00f6nelik Sald\u0131rganl\u0131\u011f\u0131n\u0131n 327. G\u00fcn\u00fcnde&#8230; 17 \u015eehit, Onlarca Yaral\u0131"},"content":{"rendered":"<p><strong>\u0130\u015eGAL ED\u0130LEN KUD\u00dcS (SANA) \u2013 <\/strong>\u0130\u015fgalci \u0130srail&#8217;in Gazze \u015eeridi&#8217;ne y\u00f6nelik 327. g\u00fcn\u00fcnde s\u00fcrd\u00fcrd\u00fc\u011f\u00fc sald\u0131rganl\u0131klar sonucunda bug\u00fcn 17 Filistinli \u015fehit d\u00fc\u015ft\u00fc, onlarca ki\u015fi de yaraland\u0131.<\/p>\n<p>WAFA Haber Ajans\u0131, \u0130srail i\u015fgal u\u00e7aklar\u0131n\u0131n Gazze \u015eeridi&#8217;nin g\u00fcneyindeki Han Yunus&#8217;taki birka\u00e7 evleri, kuzeyindeki Cebeliye kamp\u0131n\u0131, merkezindeki El Zevayida b\u00f6lgesi ve Nuseyrat kamp\u0131n\u0131 ve Gazze \u015eehri&#8217;ndeki Sabra, \u015eeyh Aclin, El Rimal ve El Zeytun mahallelerini bombalayarak ,17 Filistinlinin \u015fehit d\u00fc\u015fmesine, onlarca ki\u015finin de yaralanmas\u0131na yol a\u00e7t\u0131\u011f\u0131n\u0131 bildirdi.<\/p>\n<p>\u0130\u015fgal top\u00e7usu ise Gazze \u015eeridi&#8217;nin merkezindeki Deyr El Balah&#8217;\u0131n do\u011fusundaki b\u00f6lgeleri bombalad\u0131.<\/p>\n<p style=\"text-align: center;\"><strong><a href=\"https:\/\/t.me\/SuriyeArapHaberAjansI\">Telegram Kanal\u0131m\u0131z\u00a0<\/a>||<a href=\"https:\/\/twitter.com\/arap_ajans\">X Platformumuz\u00a0<\/a>||<a href=\"https:\/\/www.facebook.com\/SANAHaberAjansi\/\">Facebook Sayfam\u0131z<\/a><\/strong><\/p>\n","protected":false},"excerpt":{"rendered":"<p>\u0130\u015eGAL ED\u0130LEN KUD\u00dcS (SANA) \u2013 \u0130\u015fgalci \u0130srail&#8217;in Gazze \u015eeridi&#8217;ne y\u00f6nelik 327. g\u00fcn\u00fcnde s\u00fcrd\u00fcrd\u00fc\u011f\u00fc sald\u0131rganl\u0131klar sonucunda bug\u00fcn 17 Filistinli \u015fehit d\u00fc\u015ft\u00fc, onlarca ki\u015fi de yaraland\u0131. WAFA Haber Ajans\u0131, \u0130srail i\u015fgal u\u00e7aklar\u0131n\u0131n Gazze \u015eeridi&#8217;nin g\u00fcneyindeki Han Yunus&#8217;taki birka\u00e7 evleri, kuzeyindeki Cebeliye kamp\u0131n\u0131, merkezindeki El Zevayida b\u00f6lgesi ve Nuseyrat kamp\u0131n\u0131 ve Gazze \u015eehri&#8217;ndeki Sabra, \u015eeyh Aclin, El Rimal &hellip;<\/p>\n","protected":false},"author":39,"featured_media":307493,"comment_status":"closed","ping_status":"closed","sticky":false,"template":"","format":"standard","meta":{"footnotes":""},"categories":[458,459,17988],"tags":[],"class_list":["post-307490","post","type-post","status-publish","format-standard","has-post-thumbnail","","category-dunya1","category-haberler-arap-uluslararasi-politika","category-son-haberler"],"_links":{"self":[{"href":"https:\/\/archive.sana.sy\/tr\/index.php?rest_route=\/wp\/v2\/posts\/307490","targetHints":{"allow":["GET"]}}],"collection":[{"href":"https:\/\/archive.sana.sy\/tr\/index.php?rest_route=\/wp\/v2\/posts"}],"about":[{"href":"https:\/\/archive.sana.sy\/tr\/index.php?rest_route=\/wp\/v2\/types\/post"}],"author":[{"embeddable":true,"href":"https:\/\/archive.sana.sy\/tr\/index.php?rest_route=\/wp\/v2\/users\/39"}],"replies":[{"embeddable":true,"href":"https:\/\/archive.sana.sy\/tr\/index.php?rest_route=%2Fwp%2Fv2%2Fcomments&post=307490"}],"version-history":[{"count":3,"href":"https:\/\/archive.sana.sy\/tr\/index.php?rest_route=\/wp\/v2\/posts\/307490\/revisions"}],"predecessor-version":[{"id":307495,"href":"https:\/\/archive.sana.sy\/tr\/index.php?rest_route=\/wp\/v2\/posts\/307490\/revisions\/307495"}],"wp:featuredmedia":[{"embeddable":true,"href":"https:\/\/archive.sana.sy\/tr\/index.php?rest_route=\/wp\/v2\/media\/307493"}],"wp:attachment":[{"href":"https:\/\/archive.sana.sy\/tr\/index.php?rest_route=%2Fwp%2Fv2%2Fmedia&parent=307490"}],"wp:term":[{"taxonomy":"category","embeddable":true,"href":"https:\/\/archive.sana.sy\/tr\/index.php?rest_route=%2Fwp%2Fv2%2Fcategories&post=307490"},{"taxonomy":"post_tag","embeddable":true,"href":"https:\/\/archive.sana.sy\/tr\/index.php?rest_route=%2Fwp%2Fv2%2Ftags&post=307490"}],"curies":[{"name":"wp","href":"https:\/\/api.w.org\/{rel}","templated":true}]}}