{"id":307500,"date":"2024-08-28T16:16:54","date_gmt":"2024-08-28T13:16:54","guid":{"rendered":"https:\/\/www.sana.sy\/tr\/?p=307500"},"modified":"2024-09-03T08:28:10","modified_gmt":"2024-09-03T05:28:10","slug":"cumhurbaskani-esad-arap-sosyalist-baas-partisinin-merkezi-liderlerinin-toplantisina-baskanlik-etti","status":"publish","type":"post","link":"https:\/\/archive.sana.sy\/tr\/?p=307500","title":{"rendered":"Cumhurba\u015fkan\u0131 Esad, Arap Sosyalist Baas Partisi&#8217;nin Merkezi Liderlerinin Toplant\u0131s\u0131na Ba\u015fkanl\u0131k Etti"},"content":{"rendered":"<p style=\"text-align: justify;\"><strong>\u015eAM (SANA) &#8211;<\/strong>\u00a0 Arap Sosyalist Baas Partisi Genel Sekreteri Cumhurba\u015fkan\u0131 Be\u015f\u015far Esad, partinin merkezi liderli\u011finin toplant\u0131s\u0131na ba\u015fkanl\u0131k etti.<\/p>\n<p style=\"text-align: justify;\">Cumhurba\u015fkan\u0131 Esad toplant\u0131 s\u0131ras\u0131nda, liderlik \u00fcyeleriyle \u00e7e\u015fitli parti konular\u0131n\u0131, \u00f6zellikle Merkez Komite ve Baas Partisi&#8217;nin Halk Meclisi i\u00e7indeki blo\u011fu arac\u0131l\u0131\u011f\u0131yla izledi\u011fi stratejiyi ve di\u011fer konular\u0131 masaya yat\u0131rd\u0131<\/p>\n<p style=\"text-align: justify;\">Toplant\u0131da, partinin merkez komitesi i\u00e7in rol\u00fcn\u00fc, g\u00f6revlerini ve merkezi liderlik ve t\u00fcm parti yap\u0131lar\u0131yla ili\u015fkisini tan\u0131mlayan bir i\u00e7 sistemin kurulmas\u0131 onayland\u0131.<\/p>\n<p style=\"text-align: justify;\">Toplant\u0131da ayr\u0131ca, Halk Meclisindeki parti blo\u011funun meclisin i\u00e7 sistemini geli\u015ftirmedeki rol\u00fc ele al\u0131n\u0131rken, partinin Halk Meclisi i\u00e7indeki blo\u011fu arac\u0131l\u0131\u011f\u0131yla yarg\u0131dan meclise gelen her konuda anayasada \u00f6ng\u00f6r\u00fclen yarg\u0131 ba\u011f\u0131ms\u0131zl\u0131\u011f\u0131n\u0131 destekleyen duru\u015fu g\u00f6r\u00fc\u015f\u00fcld\u00fc.<\/p>\n<p style=\"text-align: justify;\">Toplant\u0131da, Baas Partisi&#8217;nin kaynaklar\u0131 ve b\u00fct\u00e7esi a\u00e7\u0131s\u0131ndan \u015feffafl\u0131\u011f\u0131 ve mali sorumlulu\u011fu sa\u011flayacak bir mali sistemin partiye geli\u015ftirilmesinin gereklili\u011fi de kararla\u015ft\u0131r\u0131ld\u0131.<\/p>\n<div id='gallery-1' class='gallery galleryid-307500 gallery-columns-1 gallery-size-full'><figure class='gallery-item'>\n\t\t\t<div class='gallery-icon landscape'>\n\t\t\t\t<a href='https:\/\/archive.sana.sy\/tr\/wp-content\/uploads\/2024\/08\/Untitled-3-copy-13-660x330-2.jpg'><img loading=\"lazy\" decoding=\"async\" width=\"660\" height=\"330\" src=\"https:\/\/archive.sana.sy\/tr\/wp-content\/uploads\/2024\/08\/Untitled-3-copy-13-660x330-2.jpg\" class=\"attachment-full size-full\" alt=\"\" srcset=\"https:\/\/archive.sana.sy\/tr\/wp-content\/uploads\/2024\/08\/Untitled-3-copy-13-660x330-2.jpg 660w, https:\/\/archive.sana.sy\/tr\/wp-content\/uploads\/2024\/08\/Untitled-3-copy-13-660x330-2-300x150.jpg 300w\" sizes=\"auto, (max-width: 660px) 100vw, 660px\" \/><\/a>\n\t\t\t<\/div><\/figure><figure class='gallery-item'>\n\t\t\t<div class='gallery-icon landscape'>\n\t\t\t\t<a href='https:\/\/archive.sana.sy\/tr\/wp-content\/uploads\/2024\/08\/5-copy-5-1.jpg'><img loading=\"lazy\" decoding=\"async\" width=\"660\" height=\"407\" src=\"https:\/\/archive.sana.sy\/tr\/wp-content\/uploads\/2024\/08\/5-copy-5-1.jpg\" class=\"attachment-full size-full\" alt=\"\" srcset=\"https:\/\/archive.sana.sy\/tr\/wp-content\/uploads\/2024\/08\/5-copy-5-1.jpg 660w, https:\/\/archive.sana.sy\/tr\/wp-content\/uploads\/2024\/08\/5-copy-5-1-300x185.jpg 300w\" sizes=\"auto, (max-width: 660px) 100vw, 660px\" \/><\/a>\n\t\t\t<\/div><\/figure>\n\t\t<\/div>\n\n<p style=\"text-align: center;\"><strong><a href=\"https:\/\/t.me\/SuriyeArapHaberAjansI\">Telegram Kanal\u0131m\u0131z\u00a0<\/a>||<a href=\"https:\/\/twitter.com\/arap_ajans\">X Platformumuz\u00a0<\/a>||<a href=\"https:\/\/www.facebook.com\/SANAHaberAjansi\/\">Facebook Sayfam\u0131z<\/a><\/strong><\/p>\n","protected":false},"excerpt":{"rendered":"<p>\u015eAM (SANA) &#8211;\u00a0 Arap Sosyalist Baas Partisi Genel Sekreteri Cumhurba\u015fkan\u0131 Be\u015f\u015far Esad, partinin merkezi liderli\u011finin toplant\u0131s\u0131na ba\u015fkanl\u0131k etti. Cumhurba\u015fkan\u0131 Esad toplant\u0131 s\u0131ras\u0131nda, liderlik \u00fcyeleriyle \u00e7e\u015fitli parti konular\u0131n\u0131, \u00f6zellikle Merkez Komite ve Baas Partisi&#8217;nin Halk Meclisi i\u00e7indeki blo\u011fu arac\u0131l\u0131\u011f\u0131yla izledi\u011fi stratejiyi ve di\u011fer konular\u0131 masaya yat\u0131rd\u0131 Toplant\u0131da, partinin merkez komitesi i\u00e7in rol\u00fcn\u00fc, g\u00f6revlerini ve merkezi liderlik &hellip;<\/p>\n","protected":false},"author":41,"featured_media":307503,"comment_status":"closed","ping_status":"closed","sticky":false,"template":"","format":"standard","meta":{"footnotes":""},"categories":[606,605,17988],"tags":[],"class_list":["post-307500","post","type-post","status-publish","format-standard","has-post-thumbnail","","category-cumhurbaskani","category-sayin-cumhurbaskani","category-son-haberler"],"_links":{"self":[{"href":"https:\/\/archive.sana.sy\/tr\/index.php?rest_route=\/wp\/v2\/posts\/307500","targetHints":{"allow":["GET"]}}],"collection":[{"href":"https:\/\/archive.sana.sy\/tr\/index.php?rest_route=\/wp\/v2\/posts"}],"about":[{"href":"https:\/\/archive.sana.sy\/tr\/index.php?rest_route=\/wp\/v2\/types\/post"}],"author":[{"embeddable":true,"href":"https:\/\/archive.sana.sy\/tr\/index.php?rest_route=\/wp\/v2\/users\/41"}],"replies":[{"embeddable":true,"href":"https:\/\/archive.sana.sy\/tr\/index.php?rest_route=%2Fwp%2Fv2%2Fcomments&post=307500"}],"version-history":[{"count":3,"href":"https:\/\/archive.sana.sy\/tr\/index.php?rest_route=\/wp\/v2\/posts\/307500\/revisions"}],"predecessor-version":[{"id":307513,"href":"https:\/\/archive.sana.sy\/tr\/index.php?rest_route=\/wp\/v2\/posts\/307500\/revisions\/307513"}],"wp:featuredmedia":[{"embeddable":true,"href":"https:\/\/archive.sana.sy\/tr\/index.php?rest_route=\/wp\/v2\/media\/307503"}],"wp:attachment":[{"href":"https:\/\/archive.sana.sy\/tr\/index.php?rest_route=%2Fwp%2Fv2%2Fmedia&parent=307500"}],"wp:term":[{"taxonomy":"category","embeddable":true,"href":"https:\/\/archive.sana.sy\/tr\/index.php?rest_route=%2Fwp%2Fv2%2Fcategories&post=307500"},{"taxonomy":"post_tag","embeddable":true,"href":"https:\/\/archive.sana.sy\/tr\/index.php?rest_route=%2Fwp%2Fv2%2Ftags&post=307500"}],"curies":[{"name":"wp","href":"https:\/\/api.w.org\/{rel}","templated":true}]}}