{"id":307520,"date":"2024-08-28T20:39:39","date_gmt":"2024-08-28T17:39:39","guid":{"rendered":"https:\/\/www.sana.sy\/tr\/?p=307520"},"modified":"2024-09-02T10:18:00","modified_gmt":"2024-09-02T07:18:00","slug":"uluslararasi-sessizlikten-yararlanan-isgalci-israil-bati-seriaya-karsi-buyuk-bir-saldiri-baslatti","status":"publish","type":"post","link":"https:\/\/archive.sana.sy\/tr\/?p=307520","title":{"rendered":"Uluslararas\u0131 Sessizlikten Yararlanan \u0130\u015fgalc\u0131 \u0130srail, Bat\u0131 \u015eeria&#8217;ya Kar\u015f\u0131 B\u00fcy\u00fck Bir Sald\u0131r\u0131 Ba\u015flatt\u0131"},"content":{"rendered":"<p style=\"text-align: justify;\"><strong>\u0130\u015eGAL ED\u0130LEN KUD\u00dcS (SANA)-<\/strong> i\u015fgalc\u0131 \u0130srail, d\u00fcn geceden bu yana Bat\u0131 \u015eeria&#8217;n\u0131n kuzeyindeki \u015fehirlere kar\u015f\u0131 b\u00fcy\u00fck bir sald\u0131r\u0131 ba\u015flatt\u0131.<\/p>\n<p style=\"text-align: justify;\">\u0130\u015fgalc\u0131 \u0130srail, Cenin, Tubas, Tulkarm ve Ramallah&#8217;\u0131 i\u015fgal etmek i\u00e7in helikopterler ve insans\u0131z hava ara\u00e7lar\u0131yla desteklenen b\u00fcy\u00fck askeri takviyeler g\u00f6nderdi.<\/p>\n<p style=\"text-align: justify;\">Sald\u0131rganl\u0131k, 10 Filistinlinin \u00f6l\u00fcm\u00fcyle, onlarca ki\u015finin yaralanmas\u0131yla ve tutuklanmas\u0131yla, hastanelerin ku\u015fat\u0131lmas\u0131yla ve altyap\u0131n\u0131n b\u00fcy\u00fck oranda tahrip edilmesiyle sonu\u00e7land\u0131.<\/p>\n<p style=\"text-align: justify;\">\u0130\u015fgalc\u0131 \u0130srail, Uluslararas\u0131 toplumun sessizli\u011finden ve Amerikan y\u00f6netiminin i\u015fledi\u011fi su\u00e7lara mutlak deste\u011finden yararlanarak Gazze \u015eeridi&#8217;ndeki soyk\u0131r\u0131m sava\u015f\u0131n\u0131 Bat\u0131 \u015eeria&#8217;y\u0131 da kapsayacak \u015fekilde geni\u015fletmeye \u00e7al\u0131\u015ft\u0131.<\/p>\n<p style=\"text-align: center;\"><strong><a href=\"https:\/\/t.me\/SuriyeArapHaberAjansI\">Telegram Kanal\u0131m\u0131z\u00a0<\/a>||<a href=\"https:\/\/twitter.com\/arap_ajans\">X Platformumuz\u00a0<\/a>||<a href=\"https:\/\/www.facebook.com\/SANAHaberAjansi\/\">Facebook Sayfam\u0131z<\/a><\/strong><\/p>\n","protected":false},"excerpt":{"rendered":"<p>\u0130\u015eGAL ED\u0130LEN KUD\u00dcS (SANA)- i\u015fgalc\u0131 \u0130srail, d\u00fcn geceden bu yana Bat\u0131 \u015eeria&#8217;n\u0131n kuzeyindeki \u015fehirlere kar\u015f\u0131 b\u00fcy\u00fck bir sald\u0131r\u0131 ba\u015flatt\u0131. \u0130\u015fgalc\u0131 \u0130srail, Cenin, Tubas, Tulkarm ve Ramallah&#8217;\u0131 i\u015fgal etmek i\u00e7in helikopterler ve insans\u0131z hava ara\u00e7lar\u0131yla desteklenen b\u00fcy\u00fck askeri takviyeler g\u00f6nderdi. Sald\u0131rganl\u0131k, 10 Filistinlinin \u00f6l\u00fcm\u00fcyle, onlarca ki\u015finin yaralanmas\u0131yla ve tutuklanmas\u0131yla, hastanelerin ku\u015fat\u0131lmas\u0131yla ve altyap\u0131n\u0131n b\u00fcy\u00fck oranda tahrip &hellip;<\/p>\n","protected":false},"author":41,"featured_media":307521,"comment_status":"closed","ping_status":"closed","sticky":false,"template":"","format":"standard","meta":{"footnotes":""},"categories":[458,459,17988],"tags":[],"class_list":["post-307520","post","type-post","status-publish","format-standard","has-post-thumbnail","","category-dunya1","category-haberler-arap-uluslararasi-politika","category-son-haberler"],"_links":{"self":[{"href":"https:\/\/archive.sana.sy\/tr\/index.php?rest_route=\/wp\/v2\/posts\/307520","targetHints":{"allow":["GET"]}}],"collection":[{"href":"https:\/\/archive.sana.sy\/tr\/index.php?rest_route=\/wp\/v2\/posts"}],"about":[{"href":"https:\/\/archive.sana.sy\/tr\/index.php?rest_route=\/wp\/v2\/types\/post"}],"author":[{"embeddable":true,"href":"https:\/\/archive.sana.sy\/tr\/index.php?rest_route=\/wp\/v2\/users\/41"}],"replies":[{"embeddable":true,"href":"https:\/\/archive.sana.sy\/tr\/index.php?rest_route=%2Fwp%2Fv2%2Fcomments&post=307520"}],"version-history":[{"count":1,"href":"https:\/\/archive.sana.sy\/tr\/index.php?rest_route=\/wp\/v2\/posts\/307520\/revisions"}],"predecessor-version":[{"id":307522,"href":"https:\/\/archive.sana.sy\/tr\/index.php?rest_route=\/wp\/v2\/posts\/307520\/revisions\/307522"}],"wp:featuredmedia":[{"embeddable":true,"href":"https:\/\/archive.sana.sy\/tr\/index.php?rest_route=\/wp\/v2\/media\/307521"}],"wp:attachment":[{"href":"https:\/\/archive.sana.sy\/tr\/index.php?rest_route=%2Fwp%2Fv2%2Fmedia&parent=307520"}],"wp:term":[{"taxonomy":"category","embeddable":true,"href":"https:\/\/archive.sana.sy\/tr\/index.php?rest_route=%2Fwp%2Fv2%2Fcategories&post=307520"},{"taxonomy":"post_tag","embeddable":true,"href":"https:\/\/archive.sana.sy\/tr\/index.php?rest_route=%2Fwp%2Fv2%2Ftags&post=307520"}],"curies":[{"name":"wp","href":"https:\/\/api.w.org\/{rel}","templated":true}]}}