{"id":307527,"date":"2024-08-29T08:32:00","date_gmt":"2024-08-29T05:32:00","guid":{"rendered":"https:\/\/www.sana.sy\/tr\/?p=307527"},"modified":"2024-09-02T10:18:06","modified_gmt":"2024-09-02T07:18:06","slug":"rusya-suriyenin-egemenligini-ihlal-eden-yabanci-askeri-varligin-sona-erdirilmesini-talep-etti","status":"publish","type":"post","link":"https:\/\/archive.sana.sy\/tr\/?p=307527","title":{"rendered":"Rusya, Suriye&#8217;nin Egemenli\u011fini \u0130hlal Eden Yabanc\u0131 Askeri Varl\u0131\u011f\u0131n Sona Erdirilmesini Talep Etti"},"content":{"rendered":"<p><strong>NEW YORK (SANA<\/strong>) <strong>\u2013<\/strong> Rusya, Suriye Arap Cumhuriyeti&#8217;nin egemenli\u011fini ve toprak b\u00fct\u00fcnl\u00fc\u011f\u00fcn\u00fc ihlal eden yabanc\u0131 askeri varl\u0131\u011f\u0131n sona erdirilmesinin, bu \u00fclkede s\u00fcrd\u00fcr\u00fclebilir istikrar\u0131n sa\u011flanmas\u0131 i\u00e7in gerekli g\u00f6r\u00fcld\u00fc\u011f\u00fc vurgusunu yineledi.<\/p>\n<p style=\"text-align: justify;\">TASS haber ajans\u0131n\u0131n aktard\u0131\u011f\u0131na g\u00f6re, Rusya&#8217;n\u0131n Birle\u015fmi\u015f Milletler Temsilci Yard\u0131mc\u0131s\u0131 Dmitry Polyansky, BM G\u00fcvenlik Konseyi toplant\u0131s\u0131nda, bu eylemler nedeniyle siyasi \u00e7\u00f6z\u00fcme y\u00f6nelik t\u00fcm \u00e7abalar\u0131n ba\u015far\u0131s\u0131zl\u0131\u011fa mahkum oldu\u011funu, dolay\u0131s\u0131yla Suriye topraklar\u0131na y\u00f6nelik hava sald\u0131r\u0131lar\u0131n\u0131n durdurulmas\u0131 gerekti\u011fini, bunun da \u00fclkede siyasi \u00e7\u00f6z\u00fcme ula\u015fma \u00e7abalar\u0131n\u0131 bo\u015fa \u00e7\u0131kard\u0131\u011f\u0131n\u0131 a\u00e7\u0131klad\u0131.<\/p>\n<p style=\"text-align: justify;\">Rus diplomat, Suriye&#8217;de bar\u0131\u015f\u0131n anahtar\u0131n\u0131n Bat\u0131&#8217;n\u0131n \u015eam kar\u015f\u0131t\u0131 inat\u00e7\u0131 tutumunu terk etmesi ve Suriye Arap Cumhuriyeti ile kar\u015f\u0131l\u0131kl\u0131 sayg\u0131ya dayal\u0131 normal, e\u015fit ili\u015fkiler kurmas\u0131 olabilece\u011fini de s\u00f6zlerine ekledi.<\/p>\n<p style=\"text-align: center;\"><strong><a href=\"https:\/\/t.me\/SuriyeArapHaberAjansI\">Telegram Kanal\u0131m\u0131z\u00a0<\/a>||<a href=\"https:\/\/twitter.com\/arap_ajans\">X Platformumuz\u00a0<\/a>||<a href=\"https:\/\/www.facebook.com\/SANAHaberAjansi\/\">Facebook Sayfam\u0131z<\/a><\/strong><\/p>\n","protected":false},"excerpt":{"rendered":"<p>NEW YORK (SANA) \u2013 Rusya, Suriye Arap Cumhuriyeti&#8217;nin egemenli\u011fini ve toprak b\u00fct\u00fcnl\u00fc\u011f\u00fcn\u00fc ihlal eden yabanc\u0131 askeri varl\u0131\u011f\u0131n sona erdirilmesinin, bu \u00fclkede s\u00fcrd\u00fcr\u00fclebilir istikrar\u0131n sa\u011flanmas\u0131 i\u00e7in gerekli g\u00f6r\u00fcld\u00fc\u011f\u00fc vurgusunu yineledi. TASS haber ajans\u0131n\u0131n aktard\u0131\u011f\u0131na g\u00f6re, Rusya&#8217;n\u0131n Birle\u015fmi\u015f Milletler Temsilci Yard\u0131mc\u0131s\u0131 Dmitry Polyansky, BM G\u00fcvenlik Konseyi toplant\u0131s\u0131nda, bu eylemler nedeniyle siyasi \u00e7\u00f6z\u00fcme y\u00f6nelik t\u00fcm \u00e7abalar\u0131n ba\u015far\u0131s\u0131zl\u0131\u011fa mahkum &hellip;<\/p>\n","protected":false},"author":39,"featured_media":307528,"comment_status":"closed","ping_status":"closed","sticky":false,"template":"","format":"standard","meta":{"footnotes":""},"categories":[458,459,17988],"tags":[],"class_list":["post-307527","post","type-post","status-publish","format-standard","has-post-thumbnail","","category-dunya1","category-haberler-arap-uluslararasi-politika","category-son-haberler"],"_links":{"self":[{"href":"https:\/\/archive.sana.sy\/tr\/index.php?rest_route=\/wp\/v2\/posts\/307527","targetHints":{"allow":["GET"]}}],"collection":[{"href":"https:\/\/archive.sana.sy\/tr\/index.php?rest_route=\/wp\/v2\/posts"}],"about":[{"href":"https:\/\/archive.sana.sy\/tr\/index.php?rest_route=\/wp\/v2\/types\/post"}],"author":[{"embeddable":true,"href":"https:\/\/archive.sana.sy\/tr\/index.php?rest_route=\/wp\/v2\/users\/39"}],"replies":[{"embeddable":true,"href":"https:\/\/archive.sana.sy\/tr\/index.php?rest_route=%2Fwp%2Fv2%2Fcomments&post=307527"}],"version-history":[{"count":2,"href":"https:\/\/archive.sana.sy\/tr\/index.php?rest_route=\/wp\/v2\/posts\/307527\/revisions"}],"predecessor-version":[{"id":307541,"href":"https:\/\/archive.sana.sy\/tr\/index.php?rest_route=\/wp\/v2\/posts\/307527\/revisions\/307541"}],"wp:featuredmedia":[{"embeddable":true,"href":"https:\/\/archive.sana.sy\/tr\/index.php?rest_route=\/wp\/v2\/media\/307528"}],"wp:attachment":[{"href":"https:\/\/archive.sana.sy\/tr\/index.php?rest_route=%2Fwp%2Fv2%2Fmedia&parent=307527"}],"wp:term":[{"taxonomy":"category","embeddable":true,"href":"https:\/\/archive.sana.sy\/tr\/index.php?rest_route=%2Fwp%2Fv2%2Fcategories&post=307527"},{"taxonomy":"post_tag","embeddable":true,"href":"https:\/\/archive.sana.sy\/tr\/index.php?rest_route=%2Fwp%2Fv2%2Ftags&post=307527"}],"curies":[{"name":"wp","href":"https:\/\/api.w.org\/{rel}","templated":true}]}}