{"id":30753,"date":"2015-04-23T18:43:18","date_gmt":"2015-04-23T15:43:18","guid":{"rendered":"http:\/\/www.sana.sy\/tr\/?p=30753"},"modified":"2015-04-23T18:43:18","modified_gmt":"2015-04-23T15:43:18","slug":"suriyede-yeniden-yapilanmaya-dogru-konferansi-basladi","status":"publish","type":"post","link":"https:\/\/archive.sana.sy\/tr\/?p=30753","title":{"rendered":"\u201cSuriye&#8217;de Yeniden Yap\u0131lanmaya Do\u011fru\u201d Konferans\u0131 Ba\u015flad\u0131"},"content":{"rendered":"<p>\u015eAM \u2013 \u015eam \u00dcniversitesi Per\u015fembe g\u00fcn\u00fc Arap ve yabanc\u0131 ara\u015ft\u0131rmac\u0131lar\u0131n kat\u0131m\u0131yla \u2018Suriye Yeniden Yap\u0131lanmaya Do\u011fru\u2019 slogan\u0131 alt\u0131nda uluslararas\u0131 bir konferans d\u00fczenliyor.<\/p>\n<p><a href=\"http:\/\/www.sana.sy\/tr\/wp-content\/uploads\/2015\/04\/\u015eam2.jpg\"><img loading=\"lazy\" decoding=\"async\" class=\"alignright wp-image-30755 size-medium\" src=\"http:\/\/www.sana.sy\/tr\/wp-content\/uploads\/2015\/04\/\u015eam2-300x200.jpg\" alt=\"\u015eam\" width=\"300\" height=\"200\" srcset=\"https:\/\/archive.sana.sy\/tr\/wp-content\/uploads\/2015\/04\/\u015eam2-300x200.jpg 300w, https:\/\/archive.sana.sy\/tr\/wp-content\/uploads\/2015\/04\/\u015eam2-150x100.jpg 150w, https:\/\/archive.sana.sy\/tr\/wp-content\/uploads\/2015\/04\/\u015eam2-1024x681.jpg 1024w\" sizes=\"auto, (max-width: 300px) 100vw, 300px\" \/><\/a>\u015eam \u00dcniversitesi konferanslar salonunda 26 Nisan tarihine dek s\u00fcrecek konferans kat\u0131l\u0131mc\u0131lar\u0131; ter\u00f6r ve ter\u00f6rle m\u00fccadele, medya ter\u00f6r\u00fc, ter\u00f6r \u00f6rg\u00fctlerin Suriye halk\u0131na y\u00f6nelik katliamlar\u0131, kay\u0131p vatanda\u015flar davas\u0131, ulusal uzla\u015fmalar, ermeni soyk\u0131r\u0131m\u0131, ter\u00f6ristlerin petrol sekt\u00f6r\u00fcne sald\u0131r\u0131lar\u0131n\u0131n \u00e7evresel etkileri gibi bir dizi konuyu tart\u0131\u015f\u0131yor. B\u00f6lgedeki ter\u00f6r\u00fcn turizm ve ekonomiye yans\u0131malar\u0131 gibi konular\u0131n da ele al\u0131nd\u0131\u011f\u0131 konferansta ekonomik yapt\u0131r\u0131mlar ve siyasi ekonomi de ele al\u0131n\u0131yor.<\/p>\n<p>Konferans etkinlikleri kapsam\u0131nda ter\u00f6ristlerin katliamlar\u0131 ve sabotaj eylemlerine \u0131\u015f\u0131k tutan bir foto\u011fraf sergisi a\u00e7\u0131ld\u0131.<\/p>\n<p><span style=\"color: #0000ff\">\u0130nsani Yap\u0131land\u0131rmak, Mescit ve Kilise Yap\u0131land\u0131rmaktan Daha Kutsald\u0131r<\/span><\/p>\n<p>Konferans\u0131n a\u00e7\u0131l\u0131\u015f oturumunda konu\u015fan Ba\u015f M\u00fcft\u00fc Ahmet Bedrettin Hassun; Suriye&#8217;de \u00f6l\u00fcm ve y\u0131k\u0131m eylemlerinde bulunanlar\u0131n; Suriye&#8217;de yerleri olmad\u0131\u011f\u0131n\u0131 s\u00f6yledi. Hassun bunlar\u0131n Suriye insan\u0131 de\u011fil de silah fabrikalar\u0131 ve s\u00f6m\u00fcr\u00fcc\u00fclerin insanlar\u0131 oldu\u011funa dikkat \u00e7ekti.<\/p>\n<p><a href=\"http:\/\/www.sana.sy\/tr\/wp-content\/uploads\/2015\/04\/\u015eam.JPG-1.jpg\"><img loading=\"lazy\" decoding=\"async\" class=\"alignright wp-image-30756 size-medium\" src=\"http:\/\/www.sana.sy\/tr\/wp-content\/uploads\/2015\/04\/\u015eam.JPG-1-300x200.jpg\" alt=\"\u015eam.JPG 1\" width=\"300\" height=\"200\" srcset=\"https:\/\/archive.sana.sy\/tr\/wp-content\/uploads\/2015\/04\/\u015eam.JPG-1-300x200.jpg 300w, https:\/\/archive.sana.sy\/tr\/wp-content\/uploads\/2015\/04\/\u015eam.JPG-1-150x100.jpg 150w, https:\/\/archive.sana.sy\/tr\/wp-content\/uploads\/2015\/04\/\u015eam.JPG-1-1024x682.jpg 1024w\" sizes=\"auto, (max-width: 300px) 100vw, 300px\" \/><\/a>Suriye&#8217;de yap\u0131lanman\u0131n hi\u00e7bir zaman durmad\u0131\u011f\u0131n\u0131 s\u00f6yleyen Hassun; fakat insan\u0131 yap\u0131land\u0131rman\u0131n mescit, mabet ve kiliseler yap\u0131land\u0131rmaktan daha kutsal oldu\u011funu belirtti.<\/p>\n<p>Ba\u015f M\u00fcft\u00fc Hassun; konferans\u0131n \u015eam \u00dcniversitesinde d\u00fczenlenmesinin d\u00fcnyaya verdi\u011fi mesaja dikkat \u00e7ekerken; Suriyelilerin evrensel h\u0131r\u00e7\u0131n sava\u015f kar\u015f\u0131s\u0131nda tek bir aile gibi bilim minberinden tek bir ses ve tutum i\u00e7inde olduklar\u0131n\u0131 g\u00f6sterdiklerine i\u015faret etti.<\/p>\n<p>Konferans konu\u015fmac\u0131lar\u0131 tarihten ders alman\u0131n \u00f6nemine dikkat \u00e7ekerken, mevcut hatalar\u0131n onar\u0131lmas\u0131 ve daha iyi bir gelece\u011fe do\u011fru bilim ve marifetle ad\u0131m atma \u00f6nemine vurgu yapt\u0131.<\/p>\n<p>Suriye&#8217;de d\u0131\u015f g\u00fc\u00e7lerin destek ve y\u00f6nlendirmeleriyle faaliyet g\u00f6steren tekfirci ve hain ter\u00f6r\u00fcn kurbanlar\u0131 olan Suriyelilerin sesinin d\u00fcnya kamuoyunda gerekti\u011fi \u015fekilde duyulmad\u0131\u011f\u0131na dikkat \u00e7eken konu\u015fmac\u0131lar; Suriye ve ter\u00f6r ma\u011fduru Suriye halk\u0131n\u0131n sesini duyurma \u00e7abalar\u0131n\u0131n birle\u015ftirilip g\u00fc\u00e7lendirilmesi \u00f6nemini ifade etti.<\/p>\n","protected":false},"excerpt":{"rendered":"<p>\u015eAM \u2013 \u015eam \u00dcniversitesi Per\u015fembe g\u00fcn\u00fc Arap ve yabanc\u0131 ara\u015ft\u0131rmac\u0131lar\u0131n kat\u0131m\u0131yla \u2018Suriye Yeniden Yap\u0131lanmaya Do\u011fru\u2019 slogan\u0131 alt\u0131nda uluslararas\u0131 bir konferans d\u00fczenliyor. \u015eam \u00dcniversitesi konferanslar salonunda 26 Nisan tarihine dek s\u00fcrecek konferans kat\u0131l\u0131mc\u0131lar\u0131; ter\u00f6r ve ter\u00f6rle m\u00fccadele, medya ter\u00f6r\u00fc, ter\u00f6r \u00f6rg\u00fctlerin Suriye halk\u0131na y\u00f6nelik katliamlar\u0131, kay\u0131p vatanda\u015flar davas\u0131, ulusal uzla\u015fmalar, ermeni soyk\u0131r\u0131m\u0131, ter\u00f6ristlerin petrol sekt\u00f6r\u00fcne sald\u0131r\u0131lar\u0131n\u0131n &hellip;<\/p>\n","protected":false},"author":1,"featured_media":30757,"comment_status":"closed","ping_status":"closed","sticky":false,"template":"","format":"standard","meta":{"footnotes":""},"categories":[479,478],"tags":[13981,13883],"class_list":["post-30753","post","type-post","status-publish","format-standard","has-post-thumbnail","","category-haberler-yerel","category-yerel","tag-suriyede-yeniden-yapilanmaya-dogru-konferansi-basladi","tag-sam-sam-universitesi-persembe-gunu-arap-ve-yabanci-arastirmacilarin-katimiyla-suriye-yeniden-yapilanmaya-dogru-slogani-altinda-uluslararasi-bir-konferans-duzenliyor"],"_links":{"self":[{"href":"https:\/\/archive.sana.sy\/tr\/index.php?rest_route=\/wp\/v2\/posts\/30753","targetHints":{"allow":["GET"]}}],"collection":[{"href":"https:\/\/archive.sana.sy\/tr\/index.php?rest_route=\/wp\/v2\/posts"}],"about":[{"href":"https:\/\/archive.sana.sy\/tr\/index.php?rest_route=\/wp\/v2\/types\/post"}],"author":[{"embeddable":true,"href":"https:\/\/archive.sana.sy\/tr\/index.php?rest_route=\/wp\/v2\/users\/1"}],"replies":[{"embeddable":true,"href":"https:\/\/archive.sana.sy\/tr\/index.php?rest_route=%2Fwp%2Fv2%2Fcomments&post=30753"}],"version-history":[{"count":0,"href":"https:\/\/archive.sana.sy\/tr\/index.php?rest_route=\/wp\/v2\/posts\/30753\/revisions"}],"wp:featuredmedia":[{"embeddable":true,"href":"https:\/\/archive.sana.sy\/tr\/index.php?rest_route=\/wp\/v2\/media\/30757"}],"wp:attachment":[{"href":"https:\/\/archive.sana.sy\/tr\/index.php?rest_route=%2Fwp%2Fv2%2Fmedia&parent=30753"}],"wp:term":[{"taxonomy":"category","embeddable":true,"href":"https:\/\/archive.sana.sy\/tr\/index.php?rest_route=%2Fwp%2Fv2%2Fcategories&post=30753"},{"taxonomy":"post_tag","embeddable":true,"href":"https:\/\/archive.sana.sy\/tr\/index.php?rest_route=%2Fwp%2Fv2%2Ftags&post=30753"}],"curies":[{"name":"wp","href":"https:\/\/api.w.org\/{rel}","templated":true}]}}