{"id":307542,"date":"2024-08-29T08:32:37","date_gmt":"2024-08-29T05:32:37","guid":{"rendered":"https:\/\/www.sana.sy\/tr\/?p=307542"},"modified":"2024-09-02T10:18:18","modified_gmt":"2024-09-02T07:18:18","slug":"iran-suriyeye-yonelik-tek-tarafli-yaptirimlarin-kaldirilmasini-talep-ederek-isgalci-varligin-bolgedeki-ihlallerini-kinadi","status":"publish","type":"post","link":"https:\/\/archive.sana.sy\/tr\/?p=307542","title":{"rendered":"\u0130ran, Suriye&#8217;ye Y\u00f6nelik Tek Tarafl\u0131 Yapt\u0131r\u0131mlar\u0131n Kald\u0131r\u0131lmas\u0131n\u0131 Talep Ederek, \u0130\u015fgalci Varl\u0131\u011f\u0131n B\u00f6lgedeki \u0130hlallerini K\u0131nad\u0131"},"content":{"rendered":"<p style=\"text-align: justify;\"><strong>NEW YORK (SANA) \u2013 <\/strong>\u0130ran, ABD&#8217;nin Suriye&#8217;ye uygulad\u0131\u011f\u0131 t\u00fcm tek tarafl\u0131 zorlay\u0131c\u0131 yapt\u0131r\u0131mlar\u0131n kald\u0131r\u0131lmas\u0131 ve Suriye&#8217;nin t\u00fcm b\u00f6lgelerine tarafs\u0131z ve siyasal olmayan insani yard\u0131m sa\u011flanmas\u0131 y\u00f6n\u00fcndeki talebini yineledi.<\/p>\n<p style=\"text-align: justify;\">\u0130ran&#8217;\u0131n B\u00fcy\u00fckel\u00e7isi ve Birle\u015fmi\u015f Milletler Daimi Temsilcisi Emir Saeed Irvani, Ortado\u011fu ve Suriye&#8217;deki duruma ili\u015fkin G\u00fcvenlik Konseyi toplant\u0131s\u0131nda, Suriye&#8217;de halk\u0131n ciddi ekonomik sorunlar ya\u015fad\u0131\u011f\u0131n\u0131, insani yard\u0131m\u0131n siyasalla\u015ft\u0131r\u0131lmas\u0131 ve Suriye&#8217;nin yeniden in\u015fas\u0131na y\u00f6nelik uluslararas\u0131 deste\u011fin \u00f6zellikle Amerika Birle\u015fik Devletleri ve Bat\u0131l\u0131 m\u00fcttefikleri taraf\u0131ndan engellenmesinin, krizin devam etmesine ve Suriye halk\u0131n\u0131n ac\u0131lar\u0131n\u0131n artmas\u0131na yol a\u00e7t\u0131\u011f\u0131n\u0131 a\u00e7\u0131klad\u0131.<\/p>\n<p style=\"text-align: justify;\">\u0130rvani ayr\u0131ca \u00fclkesinin, \u0130srail&#8217;in Suriye&#8217;ye y\u00f6nelik devam eden sald\u0131rganl\u0131\u011f\u0131n\u0131 ve Suriyeli Golan&#8217;\u0131ndaki devam eden i\u015fgalini k\u0131nad\u0131\u011f\u0131n\u0131 da ifade ederek, &#8220;G\u00fcvenlik Konseyi&#8217;ni bu su\u00e7 eylemlerini k\u0131namaya, Suriye ve L\u00fcbnan&#8217;a y\u00f6nelik t\u00fcm sald\u0131rgan eylemlerini durdurmaya ve Filistin halk\u0131na kar\u015f\u0131 devam eden soyk\u0131r\u0131m sava\u015f\u0131na son vermeye y\u00f6nelik kararl\u0131 \u00f6nlemler almaya \u00e7a\u011f\u0131r\u0131yoruz&#8221; dedi.<\/p>\n<p style=\"text-align: justify;\">\u0130ranl\u0131 Temsilci Emir Saeed \u0130rvani, Suriye&#8217;deki krize y\u00f6nelik herhangi bir siyasi \u00e7\u00f6z\u00fcm\u00fcn, ABD g\u00fc\u00e7lerinin yasa d\u0131\u015f\u0131 varl\u0131\u011f\u0131na son verilmesini, Suriye kaynaklar\u0131n\u0131n s\u00f6m\u00fcr\u00fclmesini durdurmay\u0131 ve masum sivillere kar\u015f\u0131 \u015fiddet eylemleri ger\u00e7ekle\u015ftiren ter\u00f6rist gruplara ve \u00f6rg\u00fctlere verilen deste\u011fi sona erdirmeyi i\u00e7ermesi gerekti\u011fine dikkat \u00e7ekti.<\/p>\n<p style=\"text-align: justify;\">\u0130rvani, i\u015fgal otoritelerin, Amerika Birle\u015fik Devletleri ve \u0130ngiltere&#8217;nin devam eden deste\u011fiyle, Gazze ve Bat\u0131 \u015eeria&#8217;daki Filistin halk\u0131na kar\u015f\u0131 sava\u015f su\u00e7lar\u0131 ve sistematik su\u00e7lar i\u015flemeye, Filistin ve L\u00fcbnan&#8217;\u0131n egemenli\u011fini ve toprak b\u00fct\u00fcnl\u00fc\u011f\u00fcn\u00fc hi\u00e7bir ceza almadan ihlal etmeye devam etti\u011fine dikkat \u00e7ekerek, Siyonist varl\u0131\u011f\u0131n b\u00f6lgede ger\u00e7ekle\u015ftirdi\u011fi bu y\u0131k\u0131c\u0131 eylemlerin, uluslararas\u0131 bar\u0131\u015f ve g\u00fcvenli\u011fe ciddi bir tehdit olu\u015fturdu\u011fu konusunda uyar\u0131da bulunuldu.<\/p>\n<p style=\"text-align: center;\"><strong><a href=\"https:\/\/t.me\/SuriyeArapHaberAjansI\">Telegram Kanal\u0131m\u0131z\u00a0<\/a>||<a href=\"https:\/\/twitter.com\/arap_ajans\">X Platformumuz\u00a0<\/a>||<a href=\"https:\/\/www.facebook.com\/SANAHaberAjansi\/\">Facebook Sayfam\u0131z<\/a><\/strong><\/p>\n<p style=\"text-align: justify;\">\n","protected":false},"excerpt":{"rendered":"<p>NEW YORK (SANA) \u2013 \u0130ran, ABD&#8217;nin Suriye&#8217;ye uygulad\u0131\u011f\u0131 t\u00fcm tek tarafl\u0131 zorlay\u0131c\u0131 yapt\u0131r\u0131mlar\u0131n kald\u0131r\u0131lmas\u0131 ve Suriye&#8217;nin t\u00fcm b\u00f6lgelerine tarafs\u0131z ve siyasal olmayan insani yard\u0131m sa\u011flanmas\u0131 y\u00f6n\u00fcndeki talebini yineledi. \u0130ran&#8217;\u0131n B\u00fcy\u00fckel\u00e7isi ve Birle\u015fmi\u015f Milletler Daimi Temsilcisi Emir Saeed Irvani, Ortado\u011fu ve Suriye&#8217;deki duruma ili\u015fkin G\u00fcvenlik Konseyi toplant\u0131s\u0131nda, Suriye&#8217;de halk\u0131n ciddi ekonomik sorunlar ya\u015fad\u0131\u011f\u0131n\u0131, insani yard\u0131m\u0131n siyasalla\u015ft\u0131r\u0131lmas\u0131 &hellip;<\/p>\n","protected":false},"author":39,"featured_media":307543,"comment_status":"closed","ping_status":"closed","sticky":false,"template":"","format":"standard","meta":{"footnotes":""},"categories":[458,459,17988,2554],"tags":[],"class_list":["post-307542","post","type-post","status-publish","format-standard","has-post-thumbnail","","category-dunya1","category-haberler-arap-uluslararasi-politika","category-son-haberler","category-suriye-ve-dunya"],"_links":{"self":[{"href":"https:\/\/archive.sana.sy\/tr\/index.php?rest_route=\/wp\/v2\/posts\/307542","targetHints":{"allow":["GET"]}}],"collection":[{"href":"https:\/\/archive.sana.sy\/tr\/index.php?rest_route=\/wp\/v2\/posts"}],"about":[{"href":"https:\/\/archive.sana.sy\/tr\/index.php?rest_route=\/wp\/v2\/types\/post"}],"author":[{"embeddable":true,"href":"https:\/\/archive.sana.sy\/tr\/index.php?rest_route=\/wp\/v2\/users\/39"}],"replies":[{"embeddable":true,"href":"https:\/\/archive.sana.sy\/tr\/index.php?rest_route=%2Fwp%2Fv2%2Fcomments&post=307542"}],"version-history":[{"count":1,"href":"https:\/\/archive.sana.sy\/tr\/index.php?rest_route=\/wp\/v2\/posts\/307542\/revisions"}],"predecessor-version":[{"id":307544,"href":"https:\/\/archive.sana.sy\/tr\/index.php?rest_route=\/wp\/v2\/posts\/307542\/revisions\/307544"}],"wp:featuredmedia":[{"embeddable":true,"href":"https:\/\/archive.sana.sy\/tr\/index.php?rest_route=\/wp\/v2\/media\/307543"}],"wp:attachment":[{"href":"https:\/\/archive.sana.sy\/tr\/index.php?rest_route=%2Fwp%2Fv2%2Fmedia&parent=307542"}],"wp:term":[{"taxonomy":"category","embeddable":true,"href":"https:\/\/archive.sana.sy\/tr\/index.php?rest_route=%2Fwp%2Fv2%2Fcategories&post=307542"},{"taxonomy":"post_tag","embeddable":true,"href":"https:\/\/archive.sana.sy\/tr\/index.php?rest_route=%2Fwp%2Fv2%2Ftags&post=307542"}],"curies":[{"name":"wp","href":"https:\/\/api.w.org\/{rel}","templated":true}]}}