{"id":307545,"date":"2024-08-29T10:38:44","date_gmt":"2024-08-29T07:38:44","guid":{"rendered":"https:\/\/www.sana.sy\/tr\/?p=307545"},"modified":"2024-09-02T10:18:30","modified_gmt":"2024-09-02T07:18:30","slug":"aksa-tufani-operasyonu-bugunun-en-one-cikan-gelismeleri-237","status":"publish","type":"post","link":"https:\/\/archive.sana.sy\/tr\/?p=307545","title":{"rendered":"Aksa Tufan\u0131 Operasyonu\u2026 Bug\u00fcn\u00fcn En \u00d6ne \u00c7\u0131kan Geli\u015fmeleri"},"content":{"rendered":"<p><strong>\u0130\u015eGAL ED\u0130LEN KUD\u00dcS (SANA) \u2013\u00a0<\/strong>Filistin direni\u015finin i\u015fgalci \u0130srail\u2019in sald\u0131rganl\u0131\u011f\u0131na yan\u0131t olarak 7 Ekim\u2019de ba\u015flatt\u0131\u011f\u0131 Aksa Tufan\u0131 Operasyonu\u2019nda \u00f6ne \u00e7\u0131kan geli\u015fmeler:<\/p>\n<ul>\n<li><span style=\"color: #0000ff;\"><a style=\"color: #0000ff;\" href=\"https:\/\/www.sana.sy\/tr\/?p=307556\">\u0130srail\u2019in Gazze\u2019ye Y\u00f6nelik Sald\u0131rganl\u0131\u011f\u0131nda Ma\u011fdurlar\u0131n Say\u0131s\u0131 40 Bin 602\u2019ye Y\u00fckseldi<\/a><\/span><\/li>\n<li>Filistin medyas\u0131: \u0130srail i\u015fgal u\u00e7aklar\u0131n\u0131n Gazze \u015eeridi&#8217;nin g\u00fcneyinde Refah \u015fehrinin kuzeyindeki sanayi b\u00f6lgesini bombalamas\u0131 sonucu 3 \u015fehit.<\/li>\n<li>Filistin medyas\u0131: \u0130srail&#8217;in Bat\u0131 \u015eeria&#8217;daki Tulkarm kamp\u0131na \u00fcst \u00fcste ikinci g\u00fcn devam eden i\u015fgal sald\u0131r\u0131s\u0131 sonucu 5 Filistinli \u015fehit d\u00fc\u015ft\u00fc.<\/li>\n<li>Filistin medyas\u0131: \u0130srail i\u015fgal u\u00e7aklar\u0131n\u0131n Gazze \u015fehrinin bat\u0131s\u0131ndaki bir evi bombalamas\u0131 sonucu 6 \u015fehit.<\/li>\n<\/ul>\n<p style=\"text-align: center;\"><strong><a href=\"https:\/\/t.me\/SuriyeArapHaberAjansI\">Telegram Kanal\u0131m\u0131z\u00a0<\/a>||<a href=\"https:\/\/twitter.com\/arap_ajans\">X Platformumuz\u00a0<\/a>||<a href=\"https:\/\/www.facebook.com\/SANAHaberAjansi\/\">Facebook Sayfam\u0131z<\/a><\/strong><\/p>\n","protected":false},"excerpt":{"rendered":"<p>\u0130\u015eGAL ED\u0130LEN KUD\u00dcS (SANA) \u2013\u00a0Filistin direni\u015finin i\u015fgalci \u0130srail\u2019in sald\u0131rganl\u0131\u011f\u0131na yan\u0131t olarak 7 Ekim\u2019de ba\u015flatt\u0131\u011f\u0131 Aksa Tufan\u0131 Operasyonu\u2019nda \u00f6ne \u00e7\u0131kan geli\u015fmeler: \u0130srail\u2019in Gazze\u2019ye Y\u00f6nelik Sald\u0131rganl\u0131\u011f\u0131nda Ma\u011fdurlar\u0131n Say\u0131s\u0131 40 Bin 602\u2019ye Y\u00fckseldi Filistin medyas\u0131: \u0130srail i\u015fgal u\u00e7aklar\u0131n\u0131n Gazze \u015eeridi&#8217;nin g\u00fcneyinde Refah \u015fehrinin kuzeyindeki sanayi b\u00f6lgesini bombalamas\u0131 sonucu 3 \u015fehit. Filistin medyas\u0131: \u0130srail&#8217;in Bat\u0131 \u015eeria&#8217;daki Tulkarm kamp\u0131na \u00fcst &hellip;<\/p>\n","protected":false},"author":39,"featured_media":307546,"comment_status":"closed","ping_status":"closed","sticky":false,"template":"","format":"standard","meta":{"footnotes":""},"categories":[458,459,17988],"tags":[],"class_list":["post-307545","post","type-post","status-publish","format-standard","has-post-thumbnail","","category-dunya1","category-haberler-arap-uluslararasi-politika","category-son-haberler"],"_links":{"self":[{"href":"https:\/\/archive.sana.sy\/tr\/index.php?rest_route=\/wp\/v2\/posts\/307545","targetHints":{"allow":["GET"]}}],"collection":[{"href":"https:\/\/archive.sana.sy\/tr\/index.php?rest_route=\/wp\/v2\/posts"}],"about":[{"href":"https:\/\/archive.sana.sy\/tr\/index.php?rest_route=\/wp\/v2\/types\/post"}],"author":[{"embeddable":true,"href":"https:\/\/archive.sana.sy\/tr\/index.php?rest_route=\/wp\/v2\/users\/39"}],"replies":[{"embeddable":true,"href":"https:\/\/archive.sana.sy\/tr\/index.php?rest_route=%2Fwp%2Fv2%2Fcomments&post=307545"}],"version-history":[{"count":4,"href":"https:\/\/archive.sana.sy\/tr\/index.php?rest_route=\/wp\/v2\/posts\/307545\/revisions"}],"predecessor-version":[{"id":307560,"href":"https:\/\/archive.sana.sy\/tr\/index.php?rest_route=\/wp\/v2\/posts\/307545\/revisions\/307560"}],"wp:featuredmedia":[{"embeddable":true,"href":"https:\/\/archive.sana.sy\/tr\/index.php?rest_route=\/wp\/v2\/media\/307546"}],"wp:attachment":[{"href":"https:\/\/archive.sana.sy\/tr\/index.php?rest_route=%2Fwp%2Fv2%2Fmedia&parent=307545"}],"wp:term":[{"taxonomy":"category","embeddable":true,"href":"https:\/\/archive.sana.sy\/tr\/index.php?rest_route=%2Fwp%2Fv2%2Fcategories&post=307545"},{"taxonomy":"post_tag","embeddable":true,"href":"https:\/\/archive.sana.sy\/tr\/index.php?rest_route=%2Fwp%2Fv2%2Ftags&post=307545"}],"curies":[{"name":"wp","href":"https:\/\/api.w.org\/{rel}","templated":true}]}}