{"id":307551,"date":"2024-08-29T10:49:29","date_gmt":"2024-08-29T07:49:29","guid":{"rendered":"https:\/\/www.sana.sy\/tr\/?p=307551"},"modified":"2024-08-29T10:49:29","modified_gmt":"2024-08-29T07:49:29","slug":"cumhurbaskani-esadin-himayesinde-sehitlerin-ve-tam-engelli-yaralilarin-seckin-ogullari-onurlandirildi-video","status":"publish","type":"post","link":"https:\/\/archive.sana.sy\/tr\/?p=307551","title":{"rendered":"Cumhurba\u015fkan\u0131 Esad\u2019\u0131n Himayesinde\u2026 \u015eehitlerin Ve Tam Engelli Yaral\u0131lar\u0131n Se\u00e7kin O\u011fullar\u0131 Onurland\u0131r\u0131ld\u0131 \u201cV\u0130DEO\u201d"},"content":{"rendered":"<p><iframe loading=\"lazy\" title=\"\u0628\u0631\u0639\u0627\u064a\u0629 \u0627\u0644\u0631\u0626\u064a\u0633 \u0627\u0644\u0623\u0633\u062f... \u062a\u0643\u0631\u064a\u0645 \u0627\u0644\u0645\u062a\u0641\u0648\u0642\u064a\u0646 \u0645\u0646 \u0623\u0628\u0646\u0627\u0621 \u0627\u0644\u0634\u0647\u062f\u0627\u0621 \u0648\u062c\u0631\u062d\u0649 \u0627\u0644\u0639\u062c\u0632\" src=\"https:\/\/www.youtube.com\/embed\/y5XsGX6oaGY\" width=\"620\" height=\"348\" frameborder=\"0\" allowfullscreen=\"allowfullscreen\"><\/iframe><\/p>\n","protected":false},"excerpt":{"rendered":"","protected":false},"author":39,"featured_media":307554,"comment_status":"closed","ping_status":"closed","sticky":false,"template":"","format":"standard","meta":{"footnotes":""},"categories":[18295],"tags":[],"class_list":["post-307551","post","type-post","status-publish","format-standard","has-post-thumbnail","","category-sana-video"],"_links":{"self":[{"href":"https:\/\/archive.sana.sy\/tr\/index.php?rest_route=\/wp\/v2\/posts\/307551","targetHints":{"allow":["GET"]}}],"collection":[{"href":"https:\/\/archive.sana.sy\/tr\/index.php?rest_route=\/wp\/v2\/posts"}],"about":[{"href":"https:\/\/archive.sana.sy\/tr\/index.php?rest_route=\/wp\/v2\/types\/post"}],"author":[{"embeddable":true,"href":"https:\/\/archive.sana.sy\/tr\/index.php?rest_route=\/wp\/v2\/users\/39"}],"replies":[{"embeddable":true,"href":"https:\/\/archive.sana.sy\/tr\/index.php?rest_route=%2Fwp%2Fv2%2Fcomments&post=307551"}],"version-history":[{"count":1,"href":"https:\/\/archive.sana.sy\/tr\/index.php?rest_route=\/wp\/v2\/posts\/307551\/revisions"}],"predecessor-version":[{"id":307555,"href":"https:\/\/archive.sana.sy\/tr\/index.php?rest_route=\/wp\/v2\/posts\/307551\/revisions\/307555"}],"wp:featuredmedia":[{"embeddable":true,"href":"https:\/\/archive.sana.sy\/tr\/index.php?rest_route=\/wp\/v2\/media\/307554"}],"wp:attachment":[{"href":"https:\/\/archive.sana.sy\/tr\/index.php?rest_route=%2Fwp%2Fv2%2Fmedia&parent=307551"}],"wp:term":[{"taxonomy":"category","embeddable":true,"href":"https:\/\/archive.sana.sy\/tr\/index.php?rest_route=%2Fwp%2Fv2%2Fcategories&post=307551"},{"taxonomy":"post_tag","embeddable":true,"href":"https:\/\/archive.sana.sy\/tr\/index.php?rest_route=%2Fwp%2Fv2%2Ftags&post=307551"}],"curies":[{"name":"wp","href":"https:\/\/api.w.org\/{rel}","templated":true}]}}