{"id":307556,"date":"2024-08-29T11:55:09","date_gmt":"2024-08-29T08:55:09","guid":{"rendered":"https:\/\/www.sana.sy\/tr\/?p=307556"},"modified":"2024-09-02T10:18:30","modified_gmt":"2024-09-02T07:18:30","slug":"israilin-gazzeye-yonelik-saldirganliginda-magdurlarin-sayisi-40-bin-602ye-yukseldi","status":"publish","type":"post","link":"https:\/\/archive.sana.sy\/tr\/?p=307556","title":{"rendered":"\u0130srail&#8217;in Gazze&#8217;ye Y\u00f6nelik Sald\u0131rganl\u0131\u011f\u0131nda Ma\u011fdurlar\u0131n Say\u0131s\u0131 40 Bin 602&#8217;ye Y\u00fckseldi"},"content":{"rendered":"<p><strong>\u0130\u015eGAL ED\u0130LEN KUD\u00dcS (SANA) \u2013<\/strong> Filistin Sa\u011fl\u0131k Bakanl\u0131\u011f\u0131, i\u015fgalci \u0130srail&#8217;in son 24 saat i\u00e7inde Gazze \u015eeridi&#8217;nde 4 katliam ger\u00e7ekle\u015ftirdi\u011fini, bunlar\u0131n 68&#8217;inin \u015fehit, 77&#8217;sinin yaral\u0131 olarak hastanelere ula\u015ft\u0131\u011f\u0131n\u0131 duyurdu.<\/p>\n<p>Bakanl\u0131k bug\u00fcn yapt\u0131\u011f\u0131 a\u00e7\u0131klamada \u015funlar\u0131 s\u00f6yledi: \u2018\u2019Gazze \u015eeridi\u2019nde 320\u2019nci g\u00fcn\u00fcnde devam eden i\u015fgal sald\u0131r\u0131s\u0131nda \u015fehit say\u0131s\u0131 40 bin 602\u2019ye, yaral\u0131 say\u0131s\u0131 ise 93 bin 855\u2019e y\u00fckseldi. Baz\u0131 ma\u011fdurlar halen moloz alt\u0131nda ve yollardayken, ambulans ve sivil savunma ekipleri onlara ula\u015fam\u0131yor.\u2019\u2019<\/p>\n<p>\u0130\u015fgalcilerin bug\u00fcn sabah saatlerinden itibaren Gazze \u015eeridi&#8217;nin \u00e7e\u015fitli b\u00f6lgelerini bombalamas\u0131 sonucu 15 Filistinli \u015fehit d\u00fc\u015ft\u00fc.<\/p>\n<p style=\"text-align: center;\"><strong><a href=\"https:\/\/t.me\/SuriyeArapHaberAjansI\">Telegram Kanal\u0131m\u0131z\u00a0<\/a>||<a href=\"https:\/\/twitter.com\/arap_ajans\">X Platformumuz\u00a0<\/a>||<a href=\"https:\/\/www.facebook.com\/SANAHaberAjansi\/\">Facebook Sayfam\u0131z<\/a><\/strong><\/p>\n","protected":false},"excerpt":{"rendered":"<p>\u0130\u015eGAL ED\u0130LEN KUD\u00dcS (SANA) \u2013 Filistin Sa\u011fl\u0131k Bakanl\u0131\u011f\u0131, i\u015fgalci \u0130srail&#8217;in son 24 saat i\u00e7inde Gazze \u015eeridi&#8217;nde 4 katliam ger\u00e7ekle\u015ftirdi\u011fini, bunlar\u0131n 68&#8217;inin \u015fehit, 77&#8217;sinin yaral\u0131 olarak hastanelere ula\u015ft\u0131\u011f\u0131n\u0131 duyurdu. Bakanl\u0131k bug\u00fcn yapt\u0131\u011f\u0131 a\u00e7\u0131klamada \u015funlar\u0131 s\u00f6yledi: \u2018\u2019Gazze \u015eeridi\u2019nde 320\u2019nci g\u00fcn\u00fcnde devam eden i\u015fgal sald\u0131r\u0131s\u0131nda \u015fehit say\u0131s\u0131 40 bin 602\u2019ye, yaral\u0131 say\u0131s\u0131 ise 93 bin 855\u2019e y\u00fckseldi. Baz\u0131 &hellip;<\/p>\n","protected":false},"author":39,"featured_media":307557,"comment_status":"closed","ping_status":"closed","sticky":false,"template":"","format":"standard","meta":{"footnotes":""},"categories":[458,459,17988],"tags":[],"class_list":["post-307556","post","type-post","status-publish","format-standard","has-post-thumbnail","","category-dunya1","category-haberler-arap-uluslararasi-politika","category-son-haberler"],"_links":{"self":[{"href":"https:\/\/archive.sana.sy\/tr\/index.php?rest_route=\/wp\/v2\/posts\/307556","targetHints":{"allow":["GET"]}}],"collection":[{"href":"https:\/\/archive.sana.sy\/tr\/index.php?rest_route=\/wp\/v2\/posts"}],"about":[{"href":"https:\/\/archive.sana.sy\/tr\/index.php?rest_route=\/wp\/v2\/types\/post"}],"author":[{"embeddable":true,"href":"https:\/\/archive.sana.sy\/tr\/index.php?rest_route=\/wp\/v2\/users\/39"}],"replies":[{"embeddable":true,"href":"https:\/\/archive.sana.sy\/tr\/index.php?rest_route=%2Fwp%2Fv2%2Fcomments&post=307556"}],"version-history":[{"count":1,"href":"https:\/\/archive.sana.sy\/tr\/index.php?rest_route=\/wp\/v2\/posts\/307556\/revisions"}],"predecessor-version":[{"id":307558,"href":"https:\/\/archive.sana.sy\/tr\/index.php?rest_route=\/wp\/v2\/posts\/307556\/revisions\/307558"}],"wp:featuredmedia":[{"embeddable":true,"href":"https:\/\/archive.sana.sy\/tr\/index.php?rest_route=\/wp\/v2\/media\/307557"}],"wp:attachment":[{"href":"https:\/\/archive.sana.sy\/tr\/index.php?rest_route=%2Fwp%2Fv2%2Fmedia&parent=307556"}],"wp:term":[{"taxonomy":"category","embeddable":true,"href":"https:\/\/archive.sana.sy\/tr\/index.php?rest_route=%2Fwp%2Fv2%2Fcategories&post=307556"},{"taxonomy":"post_tag","embeddable":true,"href":"https:\/\/archive.sana.sy\/tr\/index.php?rest_route=%2Fwp%2Fv2%2Ftags&post=307556"}],"curies":[{"name":"wp","href":"https:\/\/api.w.org\/{rel}","templated":true}]}}