{"id":307561,"date":"2024-08-29T14:37:46","date_gmt":"2024-08-29T11:37:46","guid":{"rendered":"https:\/\/sana.sy\/tr\/?p=307561"},"modified":"2024-09-02T10:18:37","modified_gmt":"2024-09-02T07:18:37","slug":"guterres-israilin-bati-seriaya-yonelik-saldirganligini-kinadi-ve-bunun-derhal-durdurulmasi-cagrisinda-bulundu","status":"publish","type":"post","link":"https:\/\/archive.sana.sy\/tr\/?p=307561","title":{"rendered":"Guterres, \u0130srail&#8217;in Bat\u0131 \u015eeria&#8217;ya Y\u00f6nelik Sald\u0131rganl\u0131\u011f\u0131n\u0131 K\u0131nad\u0131 Ve Bunun Derhal Durdurulmas\u0131 \u00c7a\u011fr\u0131s\u0131nda Bulundu"},"content":{"rendered":"<p style=\"text-align: justify;\"><strong>NEW YORK (SANA)<\/strong> \u2013Birle\u015fmi\u015f Milletler Genel Sekreteri Antonio Guterres, \u0130srail&#8217;in Bat\u0131 \u015eeria&#8217;ya y\u00f6nelik sald\u0131rganl\u0131\u011f\u0131n\u0131 k\u0131nayarak, i\u015fgalci tarafa uluslararas\u0131 insanc\u0131l hukuk kapsam\u0131ndaki ilgili y\u00fck\u00fcml\u00fcl\u00fcklerine uymas\u0131 ve sivilleri korumak ve g\u00fcvenliklerini sa\u011flamak i\u00e7in gerekli \u00f6nlemleri almas\u0131 \u00e7a\u011fr\u0131s\u0131nda bulundu.<\/p>\n<p style=\"text-align: justify;\">WAFA haber Ajans\u0131 taraf\u0131ndan yap\u0131lan a\u00e7\u0131klamada Guterres, Bat\u0131 \u015eeria&#8217;da ya\u015fanan son geli\u015fmelerden duydu\u011fu derin kayg\u0131y\u0131 dile getirerek, can kay\u0131plar\u0131n\u0131 g\u00fc\u00e7l\u00fc bir \u015fekilde k\u0131nayarak,&#8221;Bu tehlikeli geli\u015fmeler Bat\u0131 \u015eeria&#8217;da zaten patlam\u0131\u015f olan durumu daha da alevlendirdi&#8221; dedi.<\/p>\n<p style=\"text-align: justify;\">Guterres, \u015fiddete son verecek \u015feyin i\u015fgalin sona ermesi ve siyasi s\u00fcrece d\u00f6n\u00fclmesi oldu\u011funa dikkat \u00e7ekerek, &#8220;Birle\u015fmi\u015f Milletler, mevcut durumu sakinle\u015ftirmek ve b\u00f6lgede istikrar\u0131 sa\u011flamak i\u00e7in t\u00fcm taraflarla birlikte bu hedefe ula\u015fmak i\u00e7in \u00e7al\u0131\u015fmaya devam edecektir&#8221; ifadelerini ekledi.<\/p>\n<p style=\"text-align: justify;\">Birle\u015fmi\u015f Milletler Genel Sekreteri Antonio Guterres ayr\u0131ca, \u0130srail&#8217;e derhal ate\u015fkes \u00e7a\u011fr\u0131s\u0131nda bulunarak, \u0130\u015fgal H\u00fck\u00fcmeti Bakan\u0131 Yisrail Katz&#8217;\u0131n yak\u0131n zamanda Gazze \u015eeridi&#8217;nde oldu\u011fu gibi Filistinlilerin Cenin ve Tulkarm \u015fehirlerinden tahliyesini ger\u00e7ekle\u015ftirece\u011fine dair s\u00f6z verdi\u011fi tehlikeli ve provokatif a\u00e7\u0131klamalar\u0131ndan derin endi\u015fe duydu\u011funu ifade etti.<\/p>\n<p style=\"text-align: center;\"><strong><a href=\"https:\/\/t.me\/SuriyeArapHaberAjansI\">Telegram Kanal\u0131m\u0131z\u00a0<\/a>||<a href=\"https:\/\/twitter.com\/arap_ajans\">X Platformumuz\u00a0<\/a>||<a href=\"https:\/\/www.facebook.com\/SANAHaberAjansi\/\">Facebook Sayfam\u0131z<\/a><\/strong><\/p>\n<p>&nbsp;<\/p>\n","protected":false},"excerpt":{"rendered":"<p>NEW YORK (SANA) \u2013Birle\u015fmi\u015f Milletler Genel Sekreteri Antonio Guterres, \u0130srail&#8217;in Bat\u0131 \u015eeria&#8217;ya y\u00f6nelik sald\u0131rganl\u0131\u011f\u0131n\u0131 k\u0131nayarak, i\u015fgalci tarafa uluslararas\u0131 insanc\u0131l hukuk kapsam\u0131ndaki ilgili y\u00fck\u00fcml\u00fcl\u00fcklerine uymas\u0131 ve sivilleri korumak ve g\u00fcvenliklerini sa\u011flamak i\u00e7in gerekli \u00f6nlemleri almas\u0131 \u00e7a\u011fr\u0131s\u0131nda bulundu. WAFA haber Ajans\u0131 taraf\u0131ndan yap\u0131lan a\u00e7\u0131klamada Guterres, Bat\u0131 \u015eeria&#8217;da ya\u015fanan son geli\u015fmelerden duydu\u011fu derin kayg\u0131y\u0131 dile getirerek, can kay\u0131plar\u0131n\u0131 &hellip;<\/p>\n","protected":false},"author":41,"featured_media":307562,"comment_status":"closed","ping_status":"closed","sticky":false,"template":"","format":"standard","meta":{"footnotes":""},"categories":[458,459,17988],"tags":[],"class_list":["post-307561","post","type-post","status-publish","format-standard","has-post-thumbnail","","category-dunya1","category-haberler-arap-uluslararasi-politika","category-son-haberler"],"_links":{"self":[{"href":"https:\/\/archive.sana.sy\/tr\/index.php?rest_route=\/wp\/v2\/posts\/307561","targetHints":{"allow":["GET"]}}],"collection":[{"href":"https:\/\/archive.sana.sy\/tr\/index.php?rest_route=\/wp\/v2\/posts"}],"about":[{"href":"https:\/\/archive.sana.sy\/tr\/index.php?rest_route=\/wp\/v2\/types\/post"}],"author":[{"embeddable":true,"href":"https:\/\/archive.sana.sy\/tr\/index.php?rest_route=\/wp\/v2\/users\/41"}],"replies":[{"embeddable":true,"href":"https:\/\/archive.sana.sy\/tr\/index.php?rest_route=%2Fwp%2Fv2%2Fcomments&post=307561"}],"version-history":[{"count":3,"href":"https:\/\/archive.sana.sy\/tr\/index.php?rest_route=\/wp\/v2\/posts\/307561\/revisions"}],"predecessor-version":[{"id":307572,"href":"https:\/\/archive.sana.sy\/tr\/index.php?rest_route=\/wp\/v2\/posts\/307561\/revisions\/307572"}],"wp:featuredmedia":[{"embeddable":true,"href":"https:\/\/archive.sana.sy\/tr\/index.php?rest_route=\/wp\/v2\/media\/307562"}],"wp:attachment":[{"href":"https:\/\/archive.sana.sy\/tr\/index.php?rest_route=%2Fwp%2Fv2%2Fmedia&parent=307561"}],"wp:term":[{"taxonomy":"category","embeddable":true,"href":"https:\/\/archive.sana.sy\/tr\/index.php?rest_route=%2Fwp%2Fv2%2Fcategories&post=307561"},{"taxonomy":"post_tag","embeddable":true,"href":"https:\/\/archive.sana.sy\/tr\/index.php?rest_route=%2Fwp%2Fv2%2Ftags&post=307561"}],"curies":[{"name":"wp","href":"https:\/\/api.w.org\/{rel}","templated":true}]}}