{"id":307564,"date":"2024-08-29T16:19:58","date_gmt":"2024-08-29T13:19:58","guid":{"rendered":"https:\/\/sana.sy\/tr\/?p=307564"},"modified":"2024-09-02T10:19:03","modified_gmt":"2024-09-02T07:19:03","slug":"durdurulmasindan-on-uc-yil-sonra-suriye-italyan-misyonu-ebla-arkeolojik-alaninda-ilk-calisma-sezonuna-basladi","status":"publish","type":"post","link":"https:\/\/archive.sana.sy\/tr\/?p=307564","title":{"rendered":"Durdurulduktan On \u00dc\u00e7 Y\u0131l Sonra&#8230; Suriye-\u0130talyan Misyonu, Ebla Arkeolojik Alan\u0131nda \u0130lk \u00c7al\u0131\u015fma Sezonuna Ba\u015flad\u0131"},"content":{"rendered":"<p style=\"text-align: justify;\"><strong>\u0130DL\u0130B (SANA) &#8211;<\/strong>\u00a0 UNESCO rehber listesine al\u0131nan Ebla arkolojik alan\u0131ndaki Suriye-\u0130talyan arkeoloji heyeti, Suriye&#8217;ye y\u00f6nelik ter\u00f6r sava\u015f\u0131 sonucunda 13 y\u0131l aradan sonra, bug\u00fcn ilk sezon kaz\u0131 \u00e7al\u0131\u015fmalar\u0131na ba\u015flad\u0131.<\/p>\n<p style=\"text-align: justify;\">Mevkiye yap\u0131lan saha ziyareti s\u0131ras\u0131nda \u0130talya misyonundan Dr. David Nadali, ge\u00e7ici h\u00fck\u00fcmetin K\u00fclt\u00fcr Bakan\u0131 Dr. Lubana M\u00fc\u015favveh&#8217;e, planlanan \u00e7al\u0131\u015fmay\u0131 ger\u00e7ekle\u015ftirmek i\u00e7in gen\u00e7 Suriyeli ara\u015ft\u0131rmac\u0131lar\u0131n yard\u0131m\u0131n\u0131 arayacak misyonun \u00e7al\u0131\u015fma plan\u0131na ili\u015fkin bir a\u00e7\u0131klama sundu.<\/p>\n<p style=\"text-align: justify;\">Eski Eserler ve M\u00fczeler Genel M\u00fcd\u00fcrl\u00fc\u011f\u00fc Kaz\u0131 M\u00fcd\u00fcr\u00fc Dr. Hammam Saad ise, alandaki hasar\u0131 inceleyerek, misyonun, bunlar\u0131 korumak ve muhafaza etmek i\u00e7in arkeolojik par\u00e7alar\u0131 aramak amac\u0131yla antik kentin surunun bir k\u0131sm\u0131n\u0131 tahrip eden kaz\u0131lar sonucunda ortaya \u00e7\u0131kan molozlar\u0131 ay\u0131klayaca\u011f\u0131n\u0131 kaydetti.<\/p>\n<p style=\"text-align: center;\"><strong><a href=\"https:\/\/t.me\/SuriyeArapHaberAjansI\">Telegram Kanal\u0131m\u0131z\u00a0<\/a>||<a href=\"https:\/\/twitter.com\/arap_ajans\">X Platformumuz\u00a0<\/a>||<a href=\"https:\/\/www.facebook.com\/SANAHaberAjansi\/\">Facebook Sayfam\u0131z<\/a><\/strong><\/p>\n","protected":false},"excerpt":{"rendered":"<p>\u0130DL\u0130B (SANA) &#8211;\u00a0 UNESCO rehber listesine al\u0131nan Ebla arkolojik alan\u0131ndaki Suriye-\u0130talyan arkeoloji heyeti, Suriye&#8217;ye y\u00f6nelik ter\u00f6r sava\u015f\u0131 sonucunda 13 y\u0131l aradan sonra, bug\u00fcn ilk sezon kaz\u0131 \u00e7al\u0131\u015fmalar\u0131na ba\u015flad\u0131. Mevkiye yap\u0131lan saha ziyareti s\u0131ras\u0131nda \u0130talya misyonundan Dr. David Nadali, ge\u00e7ici h\u00fck\u00fcmetin K\u00fclt\u00fcr Bakan\u0131 Dr. Lubana M\u00fc\u015favveh&#8217;e, planlanan \u00e7al\u0131\u015fmay\u0131 ger\u00e7ekle\u015ftirmek i\u00e7in gen\u00e7 Suriyeli ara\u015ft\u0131rmac\u0131lar\u0131n yard\u0131m\u0131n\u0131 arayacak misyonun &hellip;<\/p>\n","protected":false},"author":41,"featured_media":307565,"comment_status":"closed","ping_status":"closed","sticky":false,"template":"","format":"standard","meta":{"footnotes":""},"categories":[516,511,17988],"tags":[],"class_list":["post-307564","post","type-post","status-publish","format-standard","has-post-thumbnail","","category-haberler-kultur-ve-sanat","category-kultur-ve-sanat","category-son-haberler"],"_links":{"self":[{"href":"https:\/\/archive.sana.sy\/tr\/index.php?rest_route=\/wp\/v2\/posts\/307564","targetHints":{"allow":["GET"]}}],"collection":[{"href":"https:\/\/archive.sana.sy\/tr\/index.php?rest_route=\/wp\/v2\/posts"}],"about":[{"href":"https:\/\/archive.sana.sy\/tr\/index.php?rest_route=\/wp\/v2\/types\/post"}],"author":[{"embeddable":true,"href":"https:\/\/archive.sana.sy\/tr\/index.php?rest_route=\/wp\/v2\/users\/41"}],"replies":[{"embeddable":true,"href":"https:\/\/archive.sana.sy\/tr\/index.php?rest_route=%2Fwp%2Fv2%2Fcomments&post=307564"}],"version-history":[{"count":4,"href":"https:\/\/archive.sana.sy\/tr\/index.php?rest_route=\/wp\/v2\/posts\/307564\/revisions"}],"predecessor-version":[{"id":307576,"href":"https:\/\/archive.sana.sy\/tr\/index.php?rest_route=\/wp\/v2\/posts\/307564\/revisions\/307576"}],"wp:featuredmedia":[{"embeddable":true,"href":"https:\/\/archive.sana.sy\/tr\/index.php?rest_route=\/wp\/v2\/media\/307565"}],"wp:attachment":[{"href":"https:\/\/archive.sana.sy\/tr\/index.php?rest_route=%2Fwp%2Fv2%2Fmedia&parent=307564"}],"wp:term":[{"taxonomy":"category","embeddable":true,"href":"https:\/\/archive.sana.sy\/tr\/index.php?rest_route=%2Fwp%2Fv2%2Fcategories&post=307564"},{"taxonomy":"post_tag","embeddable":true,"href":"https:\/\/archive.sana.sy\/tr\/index.php?rest_route=%2Fwp%2Fv2%2Ftags&post=307564"}],"curies":[{"name":"wp","href":"https:\/\/api.w.org\/{rel}","templated":true}]}}