{"id":307578,"date":"2024-08-29T21:05:23","date_gmt":"2024-08-29T18:05:23","guid":{"rendered":"https:\/\/sana.sy\/tr\/?p=307578"},"modified":"2024-09-01T11:28:25","modified_gmt":"2024-09-01T08:28:25","slug":"cumhurbaskani-esad-buyukelciler-diplomatik-misyon-baskanlari-disisleri-ve-gurbetciler-bakanligi-personeli-ile-acik-diyalog-kurdu","status":"publish","type":"post","link":"https:\/\/archive.sana.sy\/tr\/?p=307578","title":{"rendered":"Cumhurba\u015fkan\u0131 Esad, B\u00fcy\u00fckel\u00e7iler, Diplomatik Misyon Ba\u015fkanlar\u0131, D\u0131\u015fi\u015fleri Ve Gurbet\u00e7iler Bakanl\u0131\u011f\u0131 Personeli \u0130le A\u00e7\u0131k Diyalog Kurdu"},"content":{"rendered":"<p style=\"text-align: justify;\"><strong>\u015eAM (SANA) &#8211;<\/strong> B\u00fcy\u00fckel\u00e7iler, diplomatik misyon ba\u015fkanlar\u0131, D\u0131\u015fi\u015fleri ve Gurbet\u00e7iler Bakanl\u0131\u011f\u0131 personeli ile a\u00e7\u0131k diyalog halinde, Cumhurba\u015fkan\u0131 Be\u015f\u015far Esad bir yandan sabitler ve ilkeler mant\u0131\u011f\u0131yla g\u00fcncel siyasi meseleleri, di\u011fer yandan b\u00f6lgesel ve uluslararas\u0131 zorluklarla y\u00fczle\u015fme yakla\u015f\u0131m\u0131n\u0131 sergiledi.<\/p>\n<p style=\"text-align: justify;\">Diyalog s\u0131ras\u0131nda Cumhurba\u015fkan\u0131 Esad, Suriye d\u0131\u015f politikas\u0131n\u0131n Arap ve b\u00f6lgesel \u00e7evresiyle ili\u015fkilerinde ve ayr\u0131ca uluslararas\u0131 ili\u015fkilerinde ve uluslararas\u0131 zorluklarla ve de\u011fi\u015fikliklerle stratejik ve ger\u00e7ek\u00e7i bir vizyona uygun olarak m\u00fccadele etmede sabitlerini do\u011frulayarak, ikili ili\u015fkilerin Arap \u00fclkeleriyle ili\u015fkilerin peki\u015ftirilmesi i\u00e7in bir \u00e7ekirdek oldu\u011funu vurgulad\u0131.<\/p>\n<p style=\"text-align: justify;\">Cumhurba\u015fkan\u0131 Esad ayr\u0131ca, Suriye&#8217;nin Arap-\u0130srail \u00e7at\u0131\u015fmas\u0131 konusundaki kesin tutumuna de\u011finerek, \u00a0\u00a0Amerika Birle\u015fik Devletleri ve Bat\u0131l\u0131 m\u00fcttefiklerinin, bug\u00fcn ya\u015fanan gerginliklerin sebebinin Aksa Tufan\u0131 oldu\u011funu ortaya koymaya \u00e7abalar\u0131na kar\u015f\u0131l\u0131k olarak, Aksa Tufan\u0131 operasyonunun ani bir saha olay\u0131 olarak de\u011fil, Filistin meselesi ba\u011flam\u0131nda de\u011ferlendirilmesi gerekti\u011fine i\u015faret etti.<\/p>\n<p style=\"text-align: justify;\">Cumhurba\u015fkan\u0131 Esad, bug\u00fcn Suriye&#8217;ye ili\u015fkin karma\u015f\u0131kl\u0131k ve zorluklarla ba\u015f etmenin, Suriye&#8217;nin co\u011frafi ve tarihi konumuyla, sava\u015f alan\u0131 olmas\u0131yla ve tarih boyunca s\u00f6m\u00fcrgecilerin h\u0131rslar\u0131n\u0131n oda\u011f\u0131yla ba\u011flant\u0131l\u0131 oldu\u011funu da vurgulad\u0131.<\/p>\n<p style=\"text-align: justify;\">Amerika Birle\u015fik Devletleri&#8217;nin yaratt\u0131\u011f\u0131 kaosun d\u00fcnyada istikrars\u0131zl\u0131\u011f\u0131 art\u0131rd\u0131\u011f\u0131na dikkat \u00e7eken Cumhurba\u015fkan\u0131 Esad, g\u00fcn\u00fcm\u00fczdeki uluslararas\u0131 \u00e7at\u0131\u015fma, \u00f6zellikle Bat\u0131&#8217;n\u0131n Do\u011fu kar\u015f\u0131s\u0131nda teknolojik kontrol\u00fcn\u00fc kaybetmeye ba\u015flamas\u0131 nedeniyle ekonomik-teknolojik bir \u00e7at\u0131\u015fma oldu\u011funu, bu da yeni \u00e7ok kutuplu bir d\u00fcnyan\u0131n olu\u015fumunu h\u0131zland\u0131raca\u011f\u0131n\u0131 belirtti.<\/p>\n<p style=\"text-align: justify;\">\u00a0Cumhurba\u015fkan\u0131, kimli\u011fini ve ilkelerini koruyabildi\u011fi i\u00e7in gelece\u011fin Do\u011fu&#8217;nun oldu\u011funu a\u00e7\u0131klayarak, art arda ya\u015fanan geli\u015fmelerin, bu \u00e7at\u0131\u015fman\u0131n t\u0131rmanmas\u0131 ve devam etmesini do\u011frulad\u0131\u011f\u0131n\u0131 halbuki t\u00fcm d\u00fcnya \u00fclkeleri ve halklar\u0131 i\u00e7in daha fazla kriz yarataca\u011f\u0131na i\u015faret etti.<\/p>\n<p style=\"text-align: justify;\">Diyalogda diplomatik \u00e7al\u0131\u015fman\u0131n kurumsal y\u00f6n\u00fcne de de\u011finilmi\u015fken; Cumhurba\u015fkan\u0131 Esad, bu s\u00fcrecin di\u011fer t\u00fcm h\u00fck\u00fcmet sekt\u00f6rlerinin kurumsal geli\u015fiminden ayr\u0131lamaz oldu\u011funu vurgulad\u0131.<\/p>\n<p style=\"text-align: justify;\">Say\u0131n Cumhurba\u015fkan\u0131, diplomatik \u00e7al\u0131\u015fman\u0131n t\u00fcm y\u00f6nlerinin uygulanmas\u0131na y\u00f6nelik kesin \u00e7er\u00e7evelerin ve standartlar\u0131n olu\u015fturulmas\u0131n\u0131 sa\u011flayan her d\u00fczeyde kal\u0131c\u0131 bir diyalog kurarak, bakanl\u0131k ile yurtd\u0131\u015f\u0131ndaki misyonlar\u0131 aras\u0131nda \u00e7al\u0131\u015fma kurallar\u0131n\u0131n, ileti\u015fim ve koordinasyon mekanizmalar\u0131n\u0131n geli\u015ftirilmesinin \u00f6nemini de vurgulad\u0131.<\/p>\n<p style=\"text-align: justify;\">Cumhurba\u015fkan\u0131 Esad&#8217;\u0131n diyalo\u011fu, son birka\u00e7 g\u00fcn i\u00e7inde D\u0131\u015fi\u015fleri ve Gurbet\u00e7iler Bakanl\u0131\u011f\u0131 genel merkezinde b\u00fcy\u00fckel\u00e7iler ve Suriye diplomatik misyon ba\u015fkanlar\u0131 aras\u0131nda yap\u0131lan ola\u011fan toplant\u0131n\u0131n sonunda geldi.<\/p>\n<p style=\"text-align: center;\"><strong><a href=\"https:\/\/t.me\/SuriyeArapHaberAjansI\">Telegram Kanal\u0131m\u0131z\u00a0<\/a>||<a href=\"https:\/\/twitter.com\/arap_ajans\">X Platformumuz\u00a0<\/a>||<a href=\"https:\/\/www.facebook.com\/SANAHaberAjansi\/\">Facebook Sayfam\u0131z<\/a><\/strong><\/p>\n","protected":false},"excerpt":{"rendered":"<p>\u015eAM (SANA) &#8211; B\u00fcy\u00fckel\u00e7iler, diplomatik misyon ba\u015fkanlar\u0131, D\u0131\u015fi\u015fleri ve Gurbet\u00e7iler Bakanl\u0131\u011f\u0131 personeli ile a\u00e7\u0131k diyalog halinde, Cumhurba\u015fkan\u0131 Be\u015f\u015far Esad bir yandan sabitler ve ilkeler mant\u0131\u011f\u0131yla g\u00fcncel siyasi meseleleri, di\u011fer yandan b\u00f6lgesel ve uluslararas\u0131 zorluklarla y\u00fczle\u015fme yakla\u015f\u0131m\u0131n\u0131 sergiledi. Diyalog s\u0131ras\u0131nda Cumhurba\u015fkan\u0131 Esad, Suriye d\u0131\u015f politikas\u0131n\u0131n Arap ve b\u00f6lgesel \u00e7evresiyle ili\u015fkilerinde ve ayr\u0131ca uluslararas\u0131 ili\u015fkilerinde ve uluslararas\u0131 &hellip;<\/p>\n","protected":false},"author":43,"featured_media":307579,"comment_status":"closed","ping_status":"closed","sticky":false,"template":"","format":"standard","meta":{"footnotes":""},"categories":[609,605],"tags":[42247,38219,42248,42249],"class_list":["post-307578","post","type-post","status-publish","format-standard","has-post-thumbnail","","category-konusmalar","category-sayin-cumhurbaskani","tag-buyukelciler","tag-cumhurbaskani-esad","tag-diplomatik-misyon-baskanlari","tag-disisleri-ve-gurbetciler-bakanligi-personeli-ile-acik-diyalog-kurdu"],"_links":{"self":[{"href":"https:\/\/archive.sana.sy\/tr\/index.php?rest_route=\/wp\/v2\/posts\/307578","targetHints":{"allow":["GET"]}}],"collection":[{"href":"https:\/\/archive.sana.sy\/tr\/index.php?rest_route=\/wp\/v2\/posts"}],"about":[{"href":"https:\/\/archive.sana.sy\/tr\/index.php?rest_route=\/wp\/v2\/types\/post"}],"author":[{"embeddable":true,"href":"https:\/\/archive.sana.sy\/tr\/index.php?rest_route=\/wp\/v2\/users\/43"}],"replies":[{"embeddable":true,"href":"https:\/\/archive.sana.sy\/tr\/index.php?rest_route=%2Fwp%2Fv2%2Fcomments&post=307578"}],"version-history":[{"count":1,"href":"https:\/\/archive.sana.sy\/tr\/index.php?rest_route=\/wp\/v2\/posts\/307578\/revisions"}],"predecessor-version":[{"id":307580,"href":"https:\/\/archive.sana.sy\/tr\/index.php?rest_route=\/wp\/v2\/posts\/307578\/revisions\/307580"}],"wp:featuredmedia":[{"embeddable":true,"href":"https:\/\/archive.sana.sy\/tr\/index.php?rest_route=\/wp\/v2\/media\/307579"}],"wp:attachment":[{"href":"https:\/\/archive.sana.sy\/tr\/index.php?rest_route=%2Fwp%2Fv2%2Fmedia&parent=307578"}],"wp:term":[{"taxonomy":"category","embeddable":true,"href":"https:\/\/archive.sana.sy\/tr\/index.php?rest_route=%2Fwp%2Fv2%2Fcategories&post=307578"},{"taxonomy":"post_tag","embeddable":true,"href":"https:\/\/archive.sana.sy\/tr\/index.php?rest_route=%2Fwp%2Fv2%2Ftags&post=307578"}],"curies":[{"name":"wp","href":"https:\/\/api.w.org\/{rel}","templated":true}]}}