{"id":307585,"date":"2024-08-30T10:35:07","date_gmt":"2024-08-30T07:35:07","guid":{"rendered":"https:\/\/sana.sy\/tr\/?p=307585"},"modified":"2024-09-02T10:19:07","modified_gmt":"2024-09-02T07:19:07","slug":"gazze-seridinin-cesitli-bolgelerine-duzenlenen-isgal-saldirganliginda-5-sehit","status":"publish","type":"post","link":"https:\/\/archive.sana.sy\/tr\/?p=307585","title":{"rendered":"Gazze \u015eeridi&#8217;nin \u00c7e\u015fitli B\u00f6lgelerine D\u00fczenlenen \u0130\u015fgal Sald\u0131rganl\u0131klar\u0131nda 5 \u015fehit"},"content":{"rendered":"<p><strong>\u0130\u015eGAL ED\u0130LEN KUD\u00dcS (SANA)<\/strong> \u2013\u00a0 \u0130srail i\u015fgal g\u00fc\u00e7lerinin Gazze&#8217;ye y\u00f6nelik 329&#8217;uncu g\u00fcn\u00fcne giren sald\u0131rganl\u0131\u011f\u0131nda, bug\u00fcn \u015fafak vakti Gazze \u015eeridi&#8217;nin \u00e7e\u015fitli b\u00f6lgelerini bombalamas\u0131 sonucu\u00a0 5 Filistinli \u015fehit oldu, \u00e7ok say\u0131da ki\u015fi de yaraland\u0131.<\/p>\n<p>Filistin medyas\u0131, i\u015fgal u\u00e7aklar\u0131n\u0131n Gazze \u015eeridi&#8217;nin g\u00fcneyindeki Han Yunus kentine ba\u011fl\u0131 Abasan Al Kabira kasabas\u0131ndaki bir evi bombalayarak 3 Filistinlinin \u00f6l\u00fcm\u00fcne, baz\u0131lar\u0131n\u0131n da yaralanmas\u0131na yol a\u00e7t\u0131\u011f\u0131n\u0131 bildirdi.<\/p>\n<p>\u0130\u015fgal u\u00e7aklar\u0131n\u0131n Gazze \u015eeridi&#8217;nin kuzeyindeki Cebeliye Kamp\u0131&#8217;ndaki El Hoca kav\u015fa\u011f\u0131 yak\u0131n\u0131ndaki bir apartman dairesini bombalamas\u0131 sonucu biri \u00e7ocuk iki Filistinli \u015fehit oldu.<\/p>\n<p style=\"text-align: center;\"><strong><a href=\"https:\/\/t.me\/SuriyeArapHaberAjansI\">Telegram Kanal\u0131m\u0131z\u00a0<\/a>||<a href=\"https:\/\/twitter.com\/arap_ajans\">X Platformumuz\u00a0<\/a>||<a href=\"https:\/\/www.facebook.com\/SANAHaberAjansi\/\">Facebook Sayfam\u0131z<\/a><\/strong><\/p>\n","protected":false},"excerpt":{"rendered":"<p>\u0130\u015eGAL ED\u0130LEN KUD\u00dcS (SANA) \u2013\u00a0 \u0130srail i\u015fgal g\u00fc\u00e7lerinin Gazze&#8217;ye y\u00f6nelik 329&#8217;uncu g\u00fcn\u00fcne giren sald\u0131rganl\u0131\u011f\u0131nda, bug\u00fcn \u015fafak vakti Gazze \u015eeridi&#8217;nin \u00e7e\u015fitli b\u00f6lgelerini bombalamas\u0131 sonucu\u00a0 5 Filistinli \u015fehit oldu, \u00e7ok say\u0131da ki\u015fi de yaraland\u0131. Filistin medyas\u0131, i\u015fgal u\u00e7aklar\u0131n\u0131n Gazze \u015eeridi&#8217;nin g\u00fcneyindeki Han Yunus kentine ba\u011fl\u0131 Abasan Al Kabira kasabas\u0131ndaki bir evi bombalayarak 3 Filistinlinin \u00f6l\u00fcm\u00fcne, baz\u0131lar\u0131n\u0131n da &hellip;<\/p>\n","protected":false},"author":41,"featured_media":307586,"comment_status":"closed","ping_status":"closed","sticky":false,"template":"","format":"standard","meta":{"footnotes":""},"categories":[458,459,17988],"tags":[],"class_list":["post-307585","post","type-post","status-publish","format-standard","has-post-thumbnail","","category-dunya1","category-haberler-arap-uluslararasi-politika","category-son-haberler"],"_links":{"self":[{"href":"https:\/\/archive.sana.sy\/tr\/index.php?rest_route=\/wp\/v2\/posts\/307585","targetHints":{"allow":["GET"]}}],"collection":[{"href":"https:\/\/archive.sana.sy\/tr\/index.php?rest_route=\/wp\/v2\/posts"}],"about":[{"href":"https:\/\/archive.sana.sy\/tr\/index.php?rest_route=\/wp\/v2\/types\/post"}],"author":[{"embeddable":true,"href":"https:\/\/archive.sana.sy\/tr\/index.php?rest_route=\/wp\/v2\/users\/41"}],"replies":[{"embeddable":true,"href":"https:\/\/archive.sana.sy\/tr\/index.php?rest_route=%2Fwp%2Fv2%2Fcomments&post=307585"}],"version-history":[{"count":4,"href":"https:\/\/archive.sana.sy\/tr\/index.php?rest_route=\/wp\/v2\/posts\/307585\/revisions"}],"predecessor-version":[{"id":307603,"href":"https:\/\/archive.sana.sy\/tr\/index.php?rest_route=\/wp\/v2\/posts\/307585\/revisions\/307603"}],"wp:featuredmedia":[{"embeddable":true,"href":"https:\/\/archive.sana.sy\/tr\/index.php?rest_route=\/wp\/v2\/media\/307586"}],"wp:attachment":[{"href":"https:\/\/archive.sana.sy\/tr\/index.php?rest_route=%2Fwp%2Fv2%2Fmedia&parent=307585"}],"wp:term":[{"taxonomy":"category","embeddable":true,"href":"https:\/\/archive.sana.sy\/tr\/index.php?rest_route=%2Fwp%2Fv2%2Fcategories&post=307585"},{"taxonomy":"post_tag","embeddable":true,"href":"https:\/\/archive.sana.sy\/tr\/index.php?rest_route=%2Fwp%2Fv2%2Ftags&post=307585"}],"curies":[{"name":"wp","href":"https:\/\/api.w.org\/{rel}","templated":true}]}}