{"id":307594,"date":"2024-08-30T12:14:54","date_gmt":"2024-08-30T09:14:54","guid":{"rendered":"https:\/\/sana.sy\/tr\/?p=307594"},"modified":"2024-09-02T08:31:58","modified_gmt":"2024-09-02T05:31:58","slug":"bm-yetkilisi-gazze-halkinin-acilarina-kimse-tahammul-edemez","status":"publish","type":"post","link":"https:\/\/archive.sana.sy\/tr\/?p=307594","title":{"rendered":"BM Yetkilisi: Gazze Halk\u0131n\u0131n Ac\u0131lar\u0131na Kimse Tahamm\u00fcl Edemez"},"content":{"rendered":"<p><strong>NEW YORK <\/strong><strong>(SANA)<\/strong> &#8211; Birle\u015fmi\u015f Milletler \u0130nsani \u0130\u015fler Koordinasyon Ofisi (OCHA) ba\u015fkan vekili Joyce Msuya, k\u00f6t\u00fcle\u015fen insani ko\u015fullar ve Gazze \u015eeridi sakinlerinin ya\u015fad\u0131\u011f\u0131 ac\u0131lara kimsenin tahamm\u00fcl edemeyece\u011fi konusunda uyard\u0131.<\/p>\n<p>Agence France-Presse, Msuya&#8217;n\u0131n ge\u00e7en Ekim ay\u0131ndan bu yana ac\u0131mas\u0131z \u0130srail sald\u0131r\u0131s\u0131na ve bo\u011fucu bir ku\u015fatmaya maruz kalan Gazze \u015eeridi&#8217;ndeki insani durumla ilgili bir toplant\u0131da \u015funlar\u0131 s\u00f6yledi\u011fini aktard\u0131: \u201cN\u00fcfusun bar\u0131nak veya hayatta kalmak i\u00e7in di\u011fer temel ihtiya\u00e7lar\u0131 bulma konusundaki muazzam m\u00fccadelesini kelimelerle anlatmak zor&#8230; Siviller a\u00e7, susuz, hasta ve evsizdir ve tahamm\u00fcl s\u0131n\u0131rlar\u0131n\u0131n, herhangi bir insan\u0131n dayanabilece\u011fi s\u0131n\u0131rlar\u0131n \u00f6tesine itilmi\u015ftir.&#8221;<\/p>\n<p>BM yetkilisi \u015f\u00f6yle devam etti: &#8220;Ge\u00e7ti\u011fimiz 11 ayda tan\u0131k olduklar\u0131m\u0131z, d\u00fcnyan\u0131n bu trajedileri \u00f6nlemek i\u00e7in tasarlanan uluslararas\u0131 hukuk d\u00fczenine ba\u011fl\u0131l\u0131\u011f\u0131 konusunda soru i\u015faretleri uyand\u0131r\u0131yor ve bizi \u015fu soruyu sormaya zorluyor: Temel insanl\u0131k duygumuz ne hale geldi?&#8221;<\/p>\n<p>Msuya ayr\u0131ca, &#8220;\u0130nsani yard\u0131m\u0131 24 saatten fazla \u00f6nceden planlayam\u0131yoruz \u00e7\u00fcnk\u00fc hangi malzemeleri alaca\u011f\u0131m\u0131z\u0131, ne zaman alaca\u011f\u0131m\u0131z\u0131 veya nereye ula\u015ft\u0131rabilece\u011fimizi bilmekte zorlan\u0131yoruz&#8221; diyerek, &#8220;2,1 milyon Filistinlinin hayat\u0131n\u0131n yaln\u0131zca \u015fansa ve umuda ba\u011fl\u0131 olmamas\u0131 gerekti\u011fini&#8221; kaydetti.<\/p>\n<p>\u0130srail i\u015fgal yetkililerinin bu ay\u0131n ba\u015f\u0131ndan bu yana verdi\u011fi tahliye emirlerinin iki kat\u0131na \u00e7\u0131kar\u0131lmas\u0131n\u0131 k\u0131nayan Msuya, ate\u015fkes \u00e7a\u011fr\u0131s\u0131n\u0131 yineleyerek, &#8220;Bu kabul edilemez insani ac\u0131lar kar\u015f\u0131s\u0131nda, G\u00fcvenlik Konseyi ve t\u00fcm \u00fcye devletler harekete ge\u00e7melidir&#8221; diye vurgulad\u0131.<\/p>\n<p style=\"text-align: center;\"><strong><a href=\"https:\/\/t.me\/SuriyeArapHaberAjansI\">Telegram Kanal\u0131m\u0131z\u00a0<\/a>||<a href=\"https:\/\/twitter.com\/arap_ajans\">X Platformumuz\u00a0<\/a>||<a href=\"https:\/\/www.facebook.com\/SANAHaberAjansi\/\">Facebook Sayfam\u0131z<\/a><\/strong><\/p>\n<p>&nbsp;<\/p>\n","protected":false},"excerpt":{"rendered":"<p>NEW YORK (SANA) &#8211; Birle\u015fmi\u015f Milletler \u0130nsani \u0130\u015fler Koordinasyon Ofisi (OCHA) ba\u015fkan vekili Joyce Msuya, k\u00f6t\u00fcle\u015fen insani ko\u015fullar ve Gazze \u015eeridi sakinlerinin ya\u015fad\u0131\u011f\u0131 ac\u0131lara kimsenin tahamm\u00fcl edemeyece\u011fi konusunda uyard\u0131. Agence France-Presse, Msuya&#8217;n\u0131n ge\u00e7en Ekim ay\u0131ndan bu yana ac\u0131mas\u0131z \u0130srail sald\u0131r\u0131s\u0131na ve bo\u011fucu bir ku\u015fatmaya maruz kalan Gazze \u015eeridi&#8217;ndeki insani durumla ilgili bir toplant\u0131da \u015funlar\u0131 s\u00f6yledi\u011fini &hellip;<\/p>\n","protected":false},"author":41,"featured_media":307595,"comment_status":"closed","ping_status":"closed","sticky":false,"template":"","format":"standard","meta":{"footnotes":""},"categories":[458,459,17988],"tags":[],"class_list":["post-307594","post","type-post","status-publish","format-standard","has-post-thumbnail","","category-dunya1","category-haberler-arap-uluslararasi-politika","category-son-haberler"],"_links":{"self":[{"href":"https:\/\/archive.sana.sy\/tr\/index.php?rest_route=\/wp\/v2\/posts\/307594","targetHints":{"allow":["GET"]}}],"collection":[{"href":"https:\/\/archive.sana.sy\/tr\/index.php?rest_route=\/wp\/v2\/posts"}],"about":[{"href":"https:\/\/archive.sana.sy\/tr\/index.php?rest_route=\/wp\/v2\/types\/post"}],"author":[{"embeddable":true,"href":"https:\/\/archive.sana.sy\/tr\/index.php?rest_route=\/wp\/v2\/users\/41"}],"replies":[{"embeddable":true,"href":"https:\/\/archive.sana.sy\/tr\/index.php?rest_route=%2Fwp%2Fv2%2Fcomments&post=307594"}],"version-history":[{"count":2,"href":"https:\/\/archive.sana.sy\/tr\/index.php?rest_route=\/wp\/v2\/posts\/307594\/revisions"}],"predecessor-version":[{"id":307606,"href":"https:\/\/archive.sana.sy\/tr\/index.php?rest_route=\/wp\/v2\/posts\/307594\/revisions\/307606"}],"wp:featuredmedia":[{"embeddable":true,"href":"https:\/\/archive.sana.sy\/tr\/index.php?rest_route=\/wp\/v2\/media\/307595"}],"wp:attachment":[{"href":"https:\/\/archive.sana.sy\/tr\/index.php?rest_route=%2Fwp%2Fv2%2Fmedia&parent=307594"}],"wp:term":[{"taxonomy":"category","embeddable":true,"href":"https:\/\/archive.sana.sy\/tr\/index.php?rest_route=%2Fwp%2Fv2%2Fcategories&post=307594"},{"taxonomy":"post_tag","embeddable":true,"href":"https:\/\/archive.sana.sy\/tr\/index.php?rest_route=%2Fwp%2Fv2%2Ftags&post=307594"}],"curies":[{"name":"wp","href":"https:\/\/api.w.org\/{rel}","templated":true}]}}