{"id":307598,"date":"2024-08-30T12:32:34","date_gmt":"2024-08-30T09:32:34","guid":{"rendered":"https:\/\/sana.sy\/tr\/?p=307598"},"modified":"2024-09-02T08:31:58","modified_gmt":"2024-09-02T05:31:58","slug":"israil-savas-ucaklari-lubnanin-bati-kesimindeki-koylere-bir-dizi-saldiri-duzenledi","status":"publish","type":"post","link":"https:\/\/archive.sana.sy\/tr\/?p=307598","title":{"rendered":"\u0130srail Sava\u015f U\u00e7aklar\u0131 L\u00fcbnan&#8217;\u0131n Bat\u0131 Kesimindeki K\u00f6ylere Bir Dizi Sald\u0131r\u0131 D\u00fczenledi"},"content":{"rendered":"<p><strong>BEYRUT (SANA) &#8211;<\/strong> Bug\u00fcn \u015fafak vakti, \u0130srail sava\u015f u\u00e7aklar\u0131 L\u00fcbnan&#8217;\u0131n bat\u0131 kesimindeki Zibkin, Nakura ve Wadi Hamoul k\u00f6ylerinin eteklerine bir dizi bask\u0131n d\u00fczenleyerek \u00e7evredeki m\u00fclklere, mahsullere ve ormanlara ciddi zarar verdi.<\/p>\n<p>L\u00fcbnan Ulusal Ajans\u0131, sabah saatlerinde ke\u015fif u\u00e7aklar\u0131n\u0131n ve d\u00fc\u015fman insans\u0131z hava ara\u00e7lar\u0131n\u0131n Tire il\u00e7esi ve deniz k\u0131y\u0131s\u0131 \u00fczerinde u\u00e7tu\u011funu bildirdi.<\/p>\n<p>Gece boyunca ve sabaha kadar d\u00fc\u015fman, bat\u0131 ve orta b\u00f6lgelerdeki Mavi Hat&#8217;a biti\u015fik s\u0131n\u0131r k\u00f6ylerine i\u015faret fi\u015fekleri att\u0131. Ayr\u0131ca Nakura ve Alma El \u015eaab kasabalar\u0131n\u0131n eteklerine de yang\u0131n bombalar\u0131 att\u0131.<\/p>\n<p>Bu ba\u011flamda da, d\u00fc\u015fman sava\u015f u\u00e7aklar\u0131 gece yar\u0131s\u0131ndan sonra Tayir Harfa eteklerindeki Ayin Zarka b\u00f6lgesine ve Bint Jbeil il\u00e7esine ba\u011fl\u0131 Yaroun kasabas\u0131n\u0131n bat\u0131 eteklerine sald\u0131r\u0131 d\u00fczenledi.<\/p>\n<p style=\"text-align: center;\"><strong><a href=\"https:\/\/t.me\/SuriyeArapHaberAjansI\">Telegram Kanal\u0131m\u0131z\u00a0<\/a>||<a href=\"https:\/\/twitter.com\/arap_ajans\">X Platformumuz\u00a0<\/a>||<a href=\"https:\/\/www.facebook.com\/SANAHaberAjansi\/\">Facebook Sayfam\u0131z<\/a><\/strong><\/p>\n<p>&nbsp;<\/p>\n","protected":false},"excerpt":{"rendered":"<p>BEYRUT (SANA) &#8211; Bug\u00fcn \u015fafak vakti, \u0130srail sava\u015f u\u00e7aklar\u0131 L\u00fcbnan&#8217;\u0131n bat\u0131 kesimindeki Zibkin, Nakura ve Wadi Hamoul k\u00f6ylerinin eteklerine bir dizi bask\u0131n d\u00fczenleyerek \u00e7evredeki m\u00fclklere, mahsullere ve ormanlara ciddi zarar verdi. L\u00fcbnan Ulusal Ajans\u0131, sabah saatlerinde ke\u015fif u\u00e7aklar\u0131n\u0131n ve d\u00fc\u015fman insans\u0131z hava ara\u00e7lar\u0131n\u0131n Tire il\u00e7esi ve deniz k\u0131y\u0131s\u0131 \u00fczerinde u\u00e7tu\u011funu bildirdi. Gece boyunca ve sabaha &hellip;<\/p>\n","protected":false},"author":41,"featured_media":307599,"comment_status":"closed","ping_status":"closed","sticky":false,"template":"","format":"standard","meta":{"footnotes":""},"categories":[458,459,17988],"tags":[],"class_list":["post-307598","post","type-post","status-publish","format-standard","has-post-thumbnail","","category-dunya1","category-haberler-arap-uluslararasi-politika","category-son-haberler"],"_links":{"self":[{"href":"https:\/\/archive.sana.sy\/tr\/index.php?rest_route=\/wp\/v2\/posts\/307598","targetHints":{"allow":["GET"]}}],"collection":[{"href":"https:\/\/archive.sana.sy\/tr\/index.php?rest_route=\/wp\/v2\/posts"}],"about":[{"href":"https:\/\/archive.sana.sy\/tr\/index.php?rest_route=\/wp\/v2\/types\/post"}],"author":[{"embeddable":true,"href":"https:\/\/archive.sana.sy\/tr\/index.php?rest_route=\/wp\/v2\/users\/41"}],"replies":[{"embeddable":true,"href":"https:\/\/archive.sana.sy\/tr\/index.php?rest_route=%2Fwp%2Fv2%2Fcomments&post=307598"}],"version-history":[{"count":1,"href":"https:\/\/archive.sana.sy\/tr\/index.php?rest_route=\/wp\/v2\/posts\/307598\/revisions"}],"predecessor-version":[{"id":307600,"href":"https:\/\/archive.sana.sy\/tr\/index.php?rest_route=\/wp\/v2\/posts\/307598\/revisions\/307600"}],"wp:featuredmedia":[{"embeddable":true,"href":"https:\/\/archive.sana.sy\/tr\/index.php?rest_route=\/wp\/v2\/media\/307599"}],"wp:attachment":[{"href":"https:\/\/archive.sana.sy\/tr\/index.php?rest_route=%2Fwp%2Fv2%2Fmedia&parent=307598"}],"wp:term":[{"taxonomy":"category","embeddable":true,"href":"https:\/\/archive.sana.sy\/tr\/index.php?rest_route=%2Fwp%2Fv2%2Fcategories&post=307598"},{"taxonomy":"post_tag","embeddable":true,"href":"https:\/\/archive.sana.sy\/tr\/index.php?rest_route=%2Fwp%2Fv2%2Ftags&post=307598"}],"curies":[{"name":"wp","href":"https:\/\/api.w.org\/{rel}","templated":true}]}}