{"id":30760,"date":"2015-04-23T19:04:27","date_gmt":"2015-04-23T16:04:27","guid":{"rendered":"http:\/\/www.sana.sy\/tr\/?p=30760"},"modified":"2015-04-23T19:04:27","modified_gmt":"2015-04-23T16:04:27","slug":"egitim-bakanligi-unicef-ile-2015-isbirligi-projesini-imzaladi","status":"publish","type":"post","link":"https:\/\/archive.sana.sy\/tr\/?p=30760","title":{"rendered":"E\u011fitim Bakanl\u0131\u011f\u0131 UNICEF \u0130le 2015 \u0130\u015fbirli\u011fi Projesini \u0130mzalad\u0131"},"content":{"rendered":"<p>\u015eAM \u2013 E\u011fitim Bakanl\u0131\u011f\u0131 bug\u00fcn BM \u00c7ocuklar \u0130\u00e7in \u00d6rg\u00fct UNICEF ile 2015 Y\u0131l\u0131 \u0130kili \u0130\u015fbirli\u011fi Projesini imzalad\u0131.<\/p>\n<p>Projede \u00e7ocuklara adil ve e\u015fit f\u0131rsat tan\u0131maya ve \u00f6zellikle kriz ma\u011fduru \u00e7ocuklar\u0131n e\u011fitim s\u00fcreci d\u0131\u015f\u0131nda kalmas\u0131n\u0131 \u00f6nlemeye \u00f6ncelik verildi.<\/p>\n<p><a href=\"http:\/\/www.sana.sy\/tr\/wp-content\/uploads\/2015\/04\/UNEC\u0130F-1.jpg\"><img loading=\"lazy\" decoding=\"async\" class=\"alignright wp-image-30761 size-medium\" src=\"http:\/\/www.sana.sy\/tr\/wp-content\/uploads\/2015\/04\/UNEC\u0130F-1-300x200.jpg\" alt=\"UNEC\u0130F 1\" width=\"300\" height=\"200\" srcset=\"https:\/\/archive.sana.sy\/tr\/wp-content\/uploads\/2015\/04\/UNEC\u0130F-1-300x200.jpg 300w, https:\/\/archive.sana.sy\/tr\/wp-content\/uploads\/2015\/04\/UNEC\u0130F-1-150x100.jpg 150w, https:\/\/archive.sana.sy\/tr\/wp-content\/uploads\/2015\/04\/UNEC\u0130F-1-1024x683.jpg 1024w\" sizes=\"auto, (max-width: 300px) 100vw, 300px\" \/><\/a>Projenin imzalanmas\u0131ndan sonra gazetecilere bir deme\u00e7 veren E\u011fitim Bakan\u0131 Hezvan el Vez, projenin baz\u0131 okullar\u0131n yeniden onar\u0131lmas\u0131 ve okullara prefabrik s\u0131n\u0131f yap\u0131lmas\u0131 gibi temel e\u011fitimsel ihtiya\u00e7lar\u0131n teminine yer verildi\u011fini ifade etti.<\/p>\n<p>Bakanl\u0131\u011f\u0131n e\u011fitim kitaplar\u0131n\u0131n ve ki\u015fisel e\u011fitim materyallerinin temin edilmesine destek vermeyi s\u00fcrd\u00fcrece\u011fine dikkat \u00e7eken Vez, Projenin \u00f6\u011frencilere ki\u015fisel geli\u015fim programlar\u0131, e\u011fitim bursu ve erken \u00e7ocukluk e\u011fitiminin desteklenmesi gibi maddeler de i\u00e7erdi\u011fini belirtti.<\/p>\n<p>UNICEF\u2019in Suriye Temsilcisi Hena Sencar da yapt\u0131\u011f\u0131 a\u00e7\u0131klamada 2015 \u0130\u015fbirli\u011fi Projesinin ihtiya\u00e7 d\u00fczeyi g\u00f6z \u00f6n\u00fcnde bulundurularak farkl\u0131 b\u00f6lgelerde 600 okulun onar\u0131lmas\u0131n\u0131 kapsad\u0131\u011f\u0131n\u0131 dile getirerek E\u011fitim Bakanl\u0131\u011f\u0131 ile i\u015fbirli\u011finin s\u00fcrmesi temennisini vurgulad\u0131.<\/p>\n<p>F.B. &#8211; M.M.<\/p>\n","protected":false},"excerpt":{"rendered":"<p>\u015eAM \u2013 E\u011fitim Bakanl\u0131\u011f\u0131 bug\u00fcn BM \u00c7ocuklar \u0130\u00e7in \u00d6rg\u00fct UNICEF ile 2015 Y\u0131l\u0131 \u0130kili \u0130\u015fbirli\u011fi Projesini imzalad\u0131. Projede \u00e7ocuklara adil ve e\u015fit f\u0131rsat tan\u0131maya ve \u00f6zellikle kriz ma\u011fduru \u00e7ocuklar\u0131n e\u011fitim s\u00fcreci d\u0131\u015f\u0131nda kalmas\u0131n\u0131 \u00f6nlemeye \u00f6ncelik verildi. Projenin imzalanmas\u0131ndan sonra gazetecilere bir deme\u00e7 veren E\u011fitim Bakan\u0131 Hezvan el Vez, projenin baz\u0131 okullar\u0131n yeniden onar\u0131lmas\u0131 ve okullara &hellip;<\/p>\n","protected":false},"author":1,"featured_media":30762,"comment_status":"closed","ping_status":"closed","sticky":false,"template":"","format":"standard","meta":{"footnotes":""},"categories":[479,478],"tags":[13982,13983],"class_list":["post-30760","post","type-post","status-publish","format-standard","has-post-thumbnail","","category-haberler-yerel","category-yerel","tag-egitim-bakanligi-unicef-ile-2015-isbirligi-projesini-imzaladi","tag-sam-egitim-bakanligi-bugun-bm-cocuklar-icin-orgut-unicef-ile-2015-yili-ikili-isbirligi-projesini-imzaladi"],"_links":{"self":[{"href":"https:\/\/archive.sana.sy\/tr\/index.php?rest_route=\/wp\/v2\/posts\/30760","targetHints":{"allow":["GET"]}}],"collection":[{"href":"https:\/\/archive.sana.sy\/tr\/index.php?rest_route=\/wp\/v2\/posts"}],"about":[{"href":"https:\/\/archive.sana.sy\/tr\/index.php?rest_route=\/wp\/v2\/types\/post"}],"author":[{"embeddable":true,"href":"https:\/\/archive.sana.sy\/tr\/index.php?rest_route=\/wp\/v2\/users\/1"}],"replies":[{"embeddable":true,"href":"https:\/\/archive.sana.sy\/tr\/index.php?rest_route=%2Fwp%2Fv2%2Fcomments&post=30760"}],"version-history":[{"count":0,"href":"https:\/\/archive.sana.sy\/tr\/index.php?rest_route=\/wp\/v2\/posts\/30760\/revisions"}],"wp:featuredmedia":[{"embeddable":true,"href":"https:\/\/archive.sana.sy\/tr\/index.php?rest_route=\/wp\/v2\/media\/30762"}],"wp:attachment":[{"href":"https:\/\/archive.sana.sy\/tr\/index.php?rest_route=%2Fwp%2Fv2%2Fmedia&parent=30760"}],"wp:term":[{"taxonomy":"category","embeddable":true,"href":"https:\/\/archive.sana.sy\/tr\/index.php?rest_route=%2Fwp%2Fv2%2Fcategories&post=30760"},{"taxonomy":"post_tag","embeddable":true,"href":"https:\/\/archive.sana.sy\/tr\/index.php?rest_route=%2Fwp%2Fv2%2Ftags&post=30760"}],"curies":[{"name":"wp","href":"https:\/\/api.w.org\/{rel}","templated":true}]}}