{"id":307628,"date":"2024-08-31T13:49:57","date_gmt":"2024-08-31T10:49:57","guid":{"rendered":"https:\/\/sana.sy\/tr\/?p=307628"},"modified":"2024-09-02T08:32:23","modified_gmt":"2024-09-02T05:32:23","slug":"lubnan-direnisi-el-merc-bolgesindeki-israil-dusmanini-fuze-silahlariyla-hedef-aldi","status":"publish","type":"post","link":"https:\/\/archive.sana.sy\/tr\/?p=307628","title":{"rendered":"L\u00fcbnan Direni\u015fi El Merc B\u00f6lgesindeki \u0130srail D\u00fc\u015fman\u0131n\u0131 F\u00fcze Silahlar\u0131yla Hedef Ald\u0131"},"content":{"rendered":"<p style=\"text-align: justify;\"><strong>BEYRUT (SANA) &#8211;\u00a0 <\/strong>L\u00fcbnan Ulusal Direni\u015fi bu sabah i\u015fgal edilen Filistin s\u0131n\u0131r\u0131ndaki El Merc mevkiindeki \u0130srail d\u00fc\u015fman\u0131n\u0131 f\u00fcze silahlar\u0131yla hedef alarak do\u011frudan isabet elde etti.<\/p>\n<p style=\"text-align: justify;\">Direni\u015f taraf\u0131ndan yap\u0131lan a\u00e7\u0131klamada \u015fu ifadelere yer verildi: \u00a0Gazze \u015eeridi&#8217;ndeki kararl\u0131 Filistin halk\u0131m\u0131za ve onlar\u0131n yi\u011fit direni\u015fine destek vermek amac\u0131yla sava\u015f\u00e7\u0131lar\u0131m\u0131z bu sabah saat dokuzu yakla\u015f\u0131k on dakika sonra f\u00fcze silahlar\u0131yla El Merc b\u00f6lgesini hedef ald\u0131 ve do\u011frudan isabet elde etti.&#8221;<\/p>\n<p style=\"text-align: justify;\">D\u00fcn \u00f6\u011fleden sonra, L\u00fcbnan direni\u015fi bir S\u0130HA ile \u200b\u200b\u0130srailli d\u00fc\u015fman askerlerinin bir mevzisini hedef alarak, teyit edilmi\u015f kay\u0131plar\u0131n yan\u0131 s\u0131ra di\u011fer d\u00f6rt \u0130srailli d\u00fc\u015fman mevzisinde de do\u011frudan kay\u0131plar verdirmi\u015fti.<\/p>\n<p style=\"text-align: center;\"><strong><a href=\"https:\/\/t.me\/SuriyeArapHaberAjansI\">Telegram Kanal\u0131m\u0131z\u00a0<\/a>||<a href=\"https:\/\/twitter.com\/arap_ajans\">X Platformumuz\u00a0<\/a>||<a href=\"https:\/\/www.facebook.com\/SANAHaberAjansi\/\">Facebook Sayfam\u0131z<\/a><\/strong><\/p>\n","protected":false},"excerpt":{"rendered":"<p>BEYRUT (SANA) &#8211;\u00a0 L\u00fcbnan Ulusal Direni\u015fi bu sabah i\u015fgal edilen Filistin s\u0131n\u0131r\u0131ndaki El Merc mevkiindeki \u0130srail d\u00fc\u015fman\u0131n\u0131 f\u00fcze silahlar\u0131yla hedef alarak do\u011frudan isabet elde etti. Direni\u015f taraf\u0131ndan yap\u0131lan a\u00e7\u0131klamada \u015fu ifadelere yer verildi: \u00a0Gazze \u015eeridi&#8217;ndeki kararl\u0131 Filistin halk\u0131m\u0131za ve onlar\u0131n yi\u011fit direni\u015fine destek vermek amac\u0131yla sava\u015f\u00e7\u0131lar\u0131m\u0131z bu sabah saat dokuzu yakla\u015f\u0131k on dakika sonra f\u00fcze &hellip;<\/p>\n","protected":false},"author":41,"featured_media":307629,"comment_status":"closed","ping_status":"closed","sticky":false,"template":"","format":"standard","meta":{"footnotes":""},"categories":[458,459,17988],"tags":[],"class_list":["post-307628","post","type-post","status-publish","format-standard","has-post-thumbnail","","category-dunya1","category-haberler-arap-uluslararasi-politika","category-son-haberler"],"_links":{"self":[{"href":"https:\/\/archive.sana.sy\/tr\/index.php?rest_route=\/wp\/v2\/posts\/307628","targetHints":{"allow":["GET"]}}],"collection":[{"href":"https:\/\/archive.sana.sy\/tr\/index.php?rest_route=\/wp\/v2\/posts"}],"about":[{"href":"https:\/\/archive.sana.sy\/tr\/index.php?rest_route=\/wp\/v2\/types\/post"}],"author":[{"embeddable":true,"href":"https:\/\/archive.sana.sy\/tr\/index.php?rest_route=\/wp\/v2\/users\/41"}],"replies":[{"embeddable":true,"href":"https:\/\/archive.sana.sy\/tr\/index.php?rest_route=%2Fwp%2Fv2%2Fcomments&post=307628"}],"version-history":[{"count":3,"href":"https:\/\/archive.sana.sy\/tr\/index.php?rest_route=\/wp\/v2\/posts\/307628\/revisions"}],"predecessor-version":[{"id":307651,"href":"https:\/\/archive.sana.sy\/tr\/index.php?rest_route=\/wp\/v2\/posts\/307628\/revisions\/307651"}],"wp:featuredmedia":[{"embeddable":true,"href":"https:\/\/archive.sana.sy\/tr\/index.php?rest_route=\/wp\/v2\/media\/307629"}],"wp:attachment":[{"href":"https:\/\/archive.sana.sy\/tr\/index.php?rest_route=%2Fwp%2Fv2%2Fmedia&parent=307628"}],"wp:term":[{"taxonomy":"category","embeddable":true,"href":"https:\/\/archive.sana.sy\/tr\/index.php?rest_route=%2Fwp%2Fv2%2Fcategories&post=307628"},{"taxonomy":"post_tag","embeddable":true,"href":"https:\/\/archive.sana.sy\/tr\/index.php?rest_route=%2Fwp%2Fv2%2Ftags&post=307628"}],"curies":[{"name":"wp","href":"https:\/\/api.w.org\/{rel}","templated":true}]}}