{"id":30764,"date":"2015-04-23T19:14:01","date_gmt":"2015-04-23T16:14:01","guid":{"rendered":"http:\/\/www.sana.sy\/tr\/?p=30764"},"modified":"2015-04-23T19:14:01","modified_gmt":"2015-04-23T16:14:01","slug":"turkiye-suriyelilerin-yasadiklari-kamplarla-iletisimi-engelledi","status":"publish","type":"post","link":"https:\/\/archive.sana.sy\/tr\/?p=30764","title":{"rendered":"T\u00fcrkiye, Suriyelilerin Ya\u015fad\u0131klar\u0131 Kamplarla \u0130leti\u015fimi Engelledi"},"content":{"rendered":"<p>\u015eAM \u2013 Ulusal Uzla\u015fma \u0130\u015flerinden Sorumlu Devlet Bakan\u0131 Ali Haydar bug\u00fcn Suriye&#8217;yi ziyaret etmekte olan g\u00fcney Afrikal\u0131 heyet ile bir araya gelerek Suriye&#8217;nin ulusal uzla\u015fmalara ili\u015fkin deneyimi ve \u00e7al\u0131\u015fmalar\u0131 hakk\u0131nda bilgi verdi.<\/p>\n<p><a href=\"http:\/\/www.sana.sy\/tr\/wp-content\/uploads\/2015\/04\/Haydar.JPG-1.jpg\"><img loading=\"lazy\" decoding=\"async\" class=\"alignright wp-image-30766 size-medium\" src=\"http:\/\/www.sana.sy\/tr\/wp-content\/uploads\/2015\/04\/Haydar.JPG-1-216x300.jpg\" alt=\"Haydar.JPG 1\" width=\"216\" height=\"300\" srcset=\"https:\/\/archive.sana.sy\/tr\/wp-content\/uploads\/2015\/04\/Haydar.JPG-1-216x300.jpg 216w, https:\/\/archive.sana.sy\/tr\/wp-content\/uploads\/2015\/04\/Haydar.JPG-1-108x150.jpg 108w, https:\/\/archive.sana.sy\/tr\/wp-content\/uploads\/2015\/04\/Haydar.JPG-1-736x1024.jpg 736w\" sizes=\"auto, (max-width: 216px) 100vw, 216px\" \/><\/a>Bakan Haydar Suriye&#8217;nin; ter\u00f6r eylemleri nedeniyle yurtd\u0131\u015f\u0131na tehcir edilen t\u00fcm Suriyelilerin yurda d\u00f6nmeleri amac\u0131yla harcad\u0131\u011f\u0131 \u00e7abalara \u0131\u015f\u0131k tuttu. Fakat T\u00fcrkiye ve \u00dcrd\u00fcn gibi devletlerin topraklar\u0131nda bulunan Suriyelilerin kamplar\u0131yla herhangi bir ba\u011flant\u0131 kurulmas\u0131n\u0131 engellediklerini vurgulayan Haydar; bu devletlerin Suriyelilerin insani durumlar\u0131n\u0131 kendi ajandalar\u0131 ve \u00e7\u0131karlar\u0131 do\u011frultusunda siyasi meseleye d\u00f6n\u00fc\u015ft\u00fcrd\u00fckleri belirtti.<\/p>\n<p>Haydar ayn\u0131 devletlerin bununla yetinmediklerini kamplarda bulunan Suriyeli gen\u00e7leri e\u011fitip silahland\u0131rmalar\u0131 ard\u0131ndan Suriye&#8217;de ter\u00f6r \u00f6rg\u00fctleri saflar\u0131na g\u00f6nderdiklerini vurgulad\u0131. Bu kamplarda kalan Suriyelilerin durumlar\u0131na da i\u015faret eden Haydar; T\u00fcrkiye ve \u00dcrd\u00fcn rejimlerinin, ajandalar\u0131nda bir edat olarak kulland\u0131klar\u0131 Suriyeli m\u00fcltecilerin yurda d\u00f6n\u00fc\u015flerini as\u0131ls\u0131z haberler ve g\u00f6zlerini korkutmakla engellediklerinin alt\u0131n\u0131 \u00e7izdi.<\/p>\n<p>Filistinli m\u00fcltecilerin yo\u011fun olarak ya\u015fad\u0131klar\u0131 b\u00f6lgeler konusunda ise Haydar; Suriye&#8217;nin bu konuda olduk\u00e7a hassas bir tutum sergiledi\u011fini, Filistinlileri ya\u015fanan olaylara dahil etmeme \u00f6zeninde oldu\u011funu belirtti. Haydar Suriye&#8217;nin, Filistinli m\u00fcltecilerin ya\u015fad\u0131klar\u0131 b\u00f6lgelerde ya\u015fad\u0131klar\u0131 sorunlar\u0131 bizzat kendi aralar\u0131nda \u00e7\u00f6zmelerine f\u0131rsat verdi\u011fini ifade ederken; bu ama\u00e7la ne Yerm\u00fck\u2019te ne de benzer ba\u015fka b\u00f6lgelere ordunun girmedi\u011fini belirtti.<\/p>\n<p>G\u00fcney Afrikal\u0131 heyet \u00fcyeleri g\u00f6r\u00fc\u015fmede; \u00f6zellikle Suriye&#8217;ye y\u00f6nelik sava\u015fta ter\u00f6r \u00f6rg\u00fctleri destekleyen rejimlere tabi medya ara\u00e7lar\u0131n\u0131n Suriye&#8217;ye ili\u015fkin yanl\u0131\u015f, abart\u0131l\u0131 ve provokat\u00f6r haberleri g\u00f6lgesinde Suriye&#8217;yi ziyaret edip ger\u00e7ekleri kendi g\u00f6zleriyle g\u00f6rd\u00fcklerini belirtti.<\/p>\n<p>Muhtelif b\u00f6lgelere ziyaretleri s\u0131ras\u0131nda medyada duyduklar\u0131ndan \u00e7ok daha farkl\u0131 bir durum g\u00f6rd\u00fcklerini ifade eden konuk heyet \u00fcyeleri; Suriye ve halk\u0131na y\u00f6nelik h\u0131r\u00e7\u0131n sava\u015f\u0131n ger\u00e7e\u011fini daha net bir \u015fekilde idrak ettiklerini kaydetti.<\/p>\n<p>A.A. &#8211; M.M.<\/p>\n","protected":false},"excerpt":{"rendered":"<p>\u015eAM \u2013 Ulusal Uzla\u015fma \u0130\u015flerinden Sorumlu Devlet Bakan\u0131 Ali Haydar bug\u00fcn Suriye&#8217;yi ziyaret etmekte olan g\u00fcney Afrikal\u0131 heyet ile bir araya gelerek Suriye&#8217;nin ulusal uzla\u015fmalara ili\u015fkin deneyimi ve \u00e7al\u0131\u015fmalar\u0131 hakk\u0131nda bilgi verdi. Bakan Haydar Suriye&#8217;nin; ter\u00f6r eylemleri nedeniyle yurtd\u0131\u015f\u0131na tehcir edilen t\u00fcm Suriyelilerin yurda d\u00f6nmeleri amac\u0131yla harcad\u0131\u011f\u0131 \u00e7abalara \u0131\u015f\u0131k tuttu. Fakat T\u00fcrkiye ve \u00dcrd\u00fcn gibi &hellip;<\/p>\n","protected":false},"author":1,"featured_media":30765,"comment_status":"closed","ping_status":"closed","sticky":false,"template":"","format":"standard","meta":{"footnotes":""},"categories":[479,2554,2555,478],"tags":[13985,13984,3039],"class_list":["post-30764","post","type-post","status-publish","format-standard","has-post-thumbnail","","category-haberler-yerel","category-suriye-ve-dunya","category-suriye-ve-turkiye","category-yerel","tag-sam-ulusal-uzlasma-islerinden-sorumlu-devlet-bakani-ali-haydar-bugun-suriyeyi-ziyaret-etmekte-olan-guney-afrikali-heyet-ile-bir-araya-gelerek-suriyenin-ulusal-uzlasmalara-iliskin-deneyimi","tag-suriyelilerin-yasadiklari-kamplarla-iletisimi-engelledi","tag-turkiye"],"_links":{"self":[{"href":"https:\/\/archive.sana.sy\/tr\/index.php?rest_route=\/wp\/v2\/posts\/30764","targetHints":{"allow":["GET"]}}],"collection":[{"href":"https:\/\/archive.sana.sy\/tr\/index.php?rest_route=\/wp\/v2\/posts"}],"about":[{"href":"https:\/\/archive.sana.sy\/tr\/index.php?rest_route=\/wp\/v2\/types\/post"}],"author":[{"embeddable":true,"href":"https:\/\/archive.sana.sy\/tr\/index.php?rest_route=\/wp\/v2\/users\/1"}],"replies":[{"embeddable":true,"href":"https:\/\/archive.sana.sy\/tr\/index.php?rest_route=%2Fwp%2Fv2%2Fcomments&post=30764"}],"version-history":[{"count":0,"href":"https:\/\/archive.sana.sy\/tr\/index.php?rest_route=\/wp\/v2\/posts\/30764\/revisions"}],"wp:featuredmedia":[{"embeddable":true,"href":"https:\/\/archive.sana.sy\/tr\/index.php?rest_route=\/wp\/v2\/media\/30765"}],"wp:attachment":[{"href":"https:\/\/archive.sana.sy\/tr\/index.php?rest_route=%2Fwp%2Fv2%2Fmedia&parent=30764"}],"wp:term":[{"taxonomy":"category","embeddable":true,"href":"https:\/\/archive.sana.sy\/tr\/index.php?rest_route=%2Fwp%2Fv2%2Fcategories&post=30764"},{"taxonomy":"post_tag","embeddable":true,"href":"https:\/\/archive.sana.sy\/tr\/index.php?rest_route=%2Fwp%2Fv2%2Ftags&post=30764"}],"curies":[{"name":"wp","href":"https:\/\/api.w.org\/{rel}","templated":true}]}}